{"id":3561,"date":"2026-04-27T14:49:16","date_gmt":"2026-04-27T12:49:16","guid":{"rendered":"https:\/\/evaas.vetagro-sup.fr\/?p=3561"},"modified":"2026-04-27T15:17:16","modified_gmt":"2026-04-27T13:17:16","slug":"presentation-de-loutil-priorite-sante-faune-en-interministeriel","status":"publish","type":"post","link":"http:\/\/evaas.vetagro-sup.fr\/index.php\/2026\/04\/27\/presentation-de-loutil-priorite-sante-faune-en-interministeriel\/","title":{"rendered":"Pr\u00e9sentation de l&rsquo;outil Priorit\u00e9 Sant\u00e9 Faune via un atelier interminist\u00e9riel"},"content":{"rendered":"\t\t<div data-elementor-type=\"wp-post\" data-elementor-id=\"3561\" class=\"elementor elementor-3561\">\n\t\t\t\t\t\t<section class=\"elementor-section elementor-top-section elementor-element elementor-element-fd00302 elementor-section-boxed elementor-section-height-default elementor-section-height-default reptro-section-padding-large\" data-id=\"fd00302\" data-element_type=\"section\" data-e-type=\"section\">\n\t\t\t\t\t\t<div class=\"elementor-container elementor-column-gap-default\">\n\t\t\t\t\t<div class=\"elementor-column elementor-col-100 elementor-top-column elementor-element elementor-element-15f186f\" data-id=\"15f186f\" data-element_type=\"column\" data-e-type=\"column\">\n\t\t\t<div class=\"elementor-widget-wrap elementor-element-populated\">\n\t\t\t\t\t\t<div class=\"elementor-element elementor-element-05433fc elementor-widget elementor-widget-text-editor\" data-id=\"05433fc\" data-element_type=\"widget\" data-e-type=\"widget\" data-widget_type=\"text-editor.default\">\n\t\t\t\t<div class=\"elementor-widget-container\">\n\t\t\t\t\t\t\t\t\t<p>L&rsquo;\u00e9quipe du p\u00f4le EVAAS en charge de l&rsquo;animation de l&rsquo;outil Priorit\u00e9 Sant\u00e9 Faune a eu la chance d&rsquo;\u00eatre sollicit\u00e9 en f\u00e9vrier dernier par la Direction G\u00e9n\u00e9rale de l&rsquo;Alimentation, pour pr\u00e9senter l&rsquo;outil et sa m\u00e9thodologie lors d&rsquo;un atelier de 2 jours \u00e0 Paris.<\/p><p><img fetchpriority=\"high\" decoding=\"async\" src=\"http:\/\/evaas.vetagro-sup.fr\/wp-content\/uploads\/2026\/04\/Image2-1024x690.png\" alt=\"\" width=\"640\" height=\"431\" \/><\/p><p>Cet atelier a \u00e9t\u00e9 l&rsquo;occasion de r\u00e9unir une dizaine d&rsquo;acteurs nationaux travaillant sur la sant\u00e9 humaine, la sant\u00e9 animale domestique et\/ou sauvage, voire sur la conservation de la biodiversit\u00e9. Les objectifs vis\u00e9s \u00e9taient de :<\/p><ul><li>pr\u00e9senter cet outil \u00e0 l&rsquo;\u00e9chelle nationale, au niveau interminist\u00e9riel, afin de montrer les capacit\u00e9s de l&rsquo;outil et ses usages possibles, dans le but de multiplier ses utilisations sur le terrain ;<\/li><li>g\u00e9n\u00e9rer des discussions entre les acteurs des trois sant\u00e9s, afin de favoriser le d\u00e9cloisonnement de ces acteurs et promouvoir la mise en place de r\u00e9seaux inter-sant\u00e9s ;<\/li><li>s\u2019approprier l\u2019outil de hi\u00e9rarchisation en l&rsquo;utilisant, afin d&rsquo;identifier des maladies pour lesquelles une action sanitaire pertinente (mise en place\/renforcement de surveillances, communication\/\u00e9change d\u2019informations entre acteurs, production de connaissances, anticipation de crise \u2026) pourrait \u00eatre mise en place \u00e0 l&rsquo;\u00e9chelle nationale.<\/li><\/ul><div><img decoding=\"async\" src=\"http:\/\/evaas.vetagro-sup.fr\/wp-content\/uploads\/2026\/04\/Image1-1-1024x455.png\" alt=\"\" width=\"640\" height=\"284\" \/><\/div><div><p>L&rsquo;atelier aura aussi permis d&rsquo;identifier quelques pistes d&rsquo;am\u00e9lioration et d&rsquo;\u00e9volution de l&rsquo;outil, afin de l&rsquo;adapter au mieux aux besoins identifi\u00e9s.<\/p><\/div><div><span style=\"color: #555555;\">Pour rappel, Priorit\u00e9 Sant\u00e9 Faune a \u00e9t\u00e9 con\u00e7u dans le cadre d\u2019un partenariat entre les Parcs nationaux et le P\u00f4le EVAAS de VetAgro Sup (financ\u00e9 par le Plan France Relance, le Parc national des Ecrins et la DGAL), visant entre autres \u00e0 aider les gestionnaires d\u2019espaces naturels ou de territoires \u00e0 prioriser les enjeux dans le cadre de l\u2019\u00e9laboration d\u2019une strat\u00e9gie sanitaire pour la faune sauvage.\u00a0 L\u2019outil informatique, maintenant h\u00e9berg\u00e9 par la Plateforme d\u2019Epid\u00e9miosurveillance en Sant\u00e9 Animale (<\/span><a style=\"background-color: #ffffff;\" href=\"https:\/\/plateforme-esa.fr\/fr\/outil-priorite-sante-faune\/outil-priorite-sante-faune-psf\" target=\"_blank\" rel=\"noopener\">Outil Priorit\u00e9 Sant\u00e9 Faune<\/a><span style=\"color: #555555;\">), est bas\u00e9 sur le recensement de nombreux crit\u00e8res pour le plus grand nombre possible d\u2019agents infectieux pathog\u00e8nes pouvant circuler dans la faune sauvage de France m\u00e9tropolitaine. C\u2019est un outil d\u2019aide \u00e0 la d\u00e9cision fournissant des listes hi\u00e9rarchis\u00e9es de maladies pouvant s\u2019adapter \u00e0 chaque territoire de France hexagonale (selon les esp\u00e8ces, vecteurs et maladies pr\u00e9sentes ainsi que les surveillances sanitaires en cours ou d\u00e9sir\u00e9es). La m\u00e9thode de hi\u00e9rarchisation propos\u00e9e a pour principe d\u2019accompagner et de faire collaborer des acteurs concern\u00e9s par les diff\u00e9rentes sant\u00e9s (humains, animaux sauvages, animaux domestiques), sur un territoire donn\u00e9. L\u2019objectif est d\u2019identifier les \u00e9ventuelles lacunes dans une strat\u00e9gie sanitaire existante et de promouvoir des interactions ult\u00e9rieures entre acteurs sur ces sujets, dans le cadre d&rsquo;une approche Une Seule Sant\u00e9.<\/span><\/div>\t\t\t\t\t\t\t\t<\/div>\n\t\t\t\t<\/div>\n\t\t\t\t\t<\/div>\n\t\t<\/div>\n\t\t\t\t\t<\/div>\n\t\t<\/section>\n\t\t\t\t<\/div>\n\t\t","protected":false},"excerpt":{"rendered":"<p>L&rsquo;\u00e9quipe du p\u00f4le EVAAS en charge de l&rsquo;animation de l&rsquo;outil Priorit\u00e9 Sant\u00e9 Faune a eu la chance d&rsquo;\u00eatre sollicit\u00e9 en f\u00e9vrier dernier par la Direction G\u00e9n\u00e9rale de l&rsquo;Alimentation, pour pr\u00e9senter l&rsquo;outil et sa m\u00e9thodologie lors d&rsquo;un atelier de 2 jours \u00e0 Paris. Cet atelier a \u00e9t\u00e9 l&rsquo;occasion de r\u00e9unir une dizaine d&rsquo;acteurs nationaux travaillant sur&#8230;<\/p>\n","protected":false},"author":1,"featured_media":3564,"comment_status":"open","ping_status":"open","sticky":false,"template":"","format":"standard","meta":{"_monsterinsights_skip_tracking":false,"_monsterinsights_sitenote_active":false,"_monsterinsights_sitenote_note":"","_monsterinsights_sitenote_category":0,"_uf_show_specific_survey":0,"_uf_disable_surveys":false,"footnotes":""},"categories":[19],"tags":[40,47,48,42],"class_list":["post-3561","post","type-post","status-publish","format-standard","has-post-thumbnail","hentry","category-evenements","tag-emmanuelle-gilot","tag-nathan-thenon","tag-priorite-sante-faune","tag-sylvain-larrat"],"yoast_head":"<!-- This site is optimized with the Yoast SEO plugin v27.4 - https:\/\/yoast.com\/product\/yoast-seo-wordpress\/ -->\n<title>Pr\u00e9sentation de l&#039;outil Priorit\u00e9 Sant\u00e9 Faune via un atelier interminist\u00e9riel - EVAAS<\/title>\n<meta name=\"description\" content=\"L&#039;\u00e9quipe du p\u00f4le EVAAS en charge de l&#039;animation de l&#039;outil Priorit\u00e9 Sant\u00e9 Faune a eu la chance d&#039;\u00eatre sollicit\u00e9 en f\u00e9vrier dernier par la Direction\" \/>\n<meta name=\"robots\" content=\"index, follow, max-snippet:-1, max-image-preview:large, max-video-preview:-1\" \/>\n<link rel=\"canonical\" href=\"http:\/\/evaas.vetagro-sup.fr\/index.php\/2026\/04\/27\/presentation-de-loutil-priorite-sante-faune-en-interministeriel\/\" \/>\n<meta property=\"og:locale\" content=\"fr_FR\" \/>\n<meta property=\"og:type\" content=\"article\" \/>\n<meta property=\"og:title\" content=\"Pr\u00e9sentation de l&#039;outil Priorit\u00e9 Sant\u00e9 Faune via un atelier interminist\u00e9riel - EVAAS\" \/>\n<meta property=\"og:description\" content=\"L&#039;\u00e9quipe du p\u00f4le EVAAS en charge de l&#039;animation de l&#039;outil Priorit\u00e9 Sant\u00e9 Faune a eu la chance d&#039;\u00eatre sollicit\u00e9 en f\u00e9vrier dernier par la Direction\" \/>\n<meta property=\"og:url\" content=\"http:\/\/evaas.vetagro-sup.fr\/index.php\/2026\/04\/27\/presentation-de-loutil-priorite-sante-faune-en-interministeriel\/\" \/>\n<meta property=\"og:site_name\" content=\"EVAAS\" \/>\n<meta property=\"article:published_time\" content=\"2026-04-27T12:49:16+00:00\" \/>\n<meta property=\"article:modified_time\" content=\"2026-04-27T13:17:16+00:00\" \/>\n<meta property=\"og:image\" content=\"http:\/\/evaas.vetagro-sup.fr\/wp-content\/uploads\/2026\/04\/Capture-decran-2026-04-27-142403.png\" \/>\n\t<meta property=\"og:image:width\" content=\"1209\" \/>\n\t<meta property=\"og:image:height\" content=\"682\" \/>\n\t<meta property=\"og:image:type\" content=\"image\/png\" \/>\n<meta name=\"author\" content=\"evaas-admin\" \/>\n<meta name=\"twitter:card\" content=\"summary_large_image\" \/>\n<meta name=\"twitter:label1\" content=\"\u00c9crit par\" \/>\n\t<meta name=\"twitter:data1\" content=\"evaas-admin\" \/>\n\t<meta name=\"twitter:label2\" content=\"Dur\u00e9e de lecture estim\u00e9e\" \/>\n\t<meta name=\"twitter:data2\" content=\"2 minutes\" \/>\n<script type=\"application\/ld+json\" class=\"yoast-schema-graph\">{\"@context\":\"https:\\\/\\\/schema.org\",\"@graph\":[{\"@type\":\"Article\",\"@id\":\"http:\\\/\\\/evaas.vetagro-sup.fr\\\/index.php\\\/2026\\\/04\\\/27\\\/presentation-de-loutil-priorite-sante-faune-en-interministeriel\\\/#article\",\"isPartOf\":{\"@id\":\"http:\\\/\\\/evaas.vetagro-sup.fr\\\/index.php\\\/2026\\\/04\\\/27\\\/presentation-de-loutil-priorite-sante-faune-en-interministeriel\\\/\"},\"author\":{\"name\":\"evaas-admin\",\"@id\":\"http:\\\/\\\/evaas.vetagro-sup.fr\\\/#\\\/schema\\\/person\\\/39f69ac7780ac371f9ef27b9d4d91507\"},\"headline\":\"Pr\u00e9sentation de l&rsquo;outil Priorit\u00e9 Sant\u00e9 Faune via un atelier interminist\u00e9riel\",\"datePublished\":\"2026-04-27T12:49:16+00:00\",\"dateModified\":\"2026-04-27T13:17:16+00:00\",\"mainEntityOfPage\":{\"@id\":\"http:\\\/\\\/evaas.vetagro-sup.fr\\\/index.php\\\/2026\\\/04\\\/27\\\/presentation-de-loutil-priorite-sante-faune-en-interministeriel\\\/\"},\"wordCount\":482,\"commentCount\":0,\"publisher\":{\"@id\":\"http:\\\/\\\/evaas.vetagro-sup.fr\\\/#organization\"},\"image\":{\"@id\":\"http:\\\/\\\/evaas.vetagro-sup.fr\\\/index.php\\\/2026\\\/04\\\/27\\\/presentation-de-loutil-priorite-sante-faune-en-interministeriel\\\/#primaryimage\"},\"thumbnailUrl\":\"http:\\\/\\\/evaas.vetagro-sup.fr\\\/wp-content\\\/uploads\\\/2026\\\/04\\\/Capture-decran-2026-04-27-142403.png\",\"keywords\":[\"Emmanuelle Gilot\",\"Nathan Thenon\",\"Priorit\u00e9 Sant\u00e9 Faune\",\"Sylvain Larrat\"],\"articleSection\":[\"Ev\u00e8nements\"],\"inLanguage\":\"fr-FR\",\"potentialAction\":[{\"@type\":\"CommentAction\",\"name\":\"Comment\",\"target\":[\"http:\\\/\\\/evaas.vetagro-sup.fr\\\/index.php\\\/2026\\\/04\\\/27\\\/presentation-de-loutil-priorite-sante-faune-en-interministeriel\\\/#respond\"]}]},{\"@type\":\"WebPage\",\"@id\":\"http:\\\/\\\/evaas.vetagro-sup.fr\\\/index.php\\\/2026\\\/04\\\/27\\\/presentation-de-loutil-priorite-sante-faune-en-interministeriel\\\/\",\"url\":\"http:\\\/\\\/evaas.vetagro-sup.fr\\\/index.php\\\/2026\\\/04\\\/27\\\/presentation-de-loutil-priorite-sante-faune-en-interministeriel\\\/\",\"name\":\"Pr\u00e9sentation de l'outil Priorit\u00e9 Sant\u00e9 Faune via un atelier interminist\u00e9riel - EVAAS\",\"isPartOf\":{\"@id\":\"http:\\\/\\\/evaas.vetagro-sup.fr\\\/#website\"},\"primaryImageOfPage\":{\"@id\":\"http:\\\/\\\/evaas.vetagro-sup.fr\\\/index.php\\\/2026\\\/04\\\/27\\\/presentation-de-loutil-priorite-sante-faune-en-interministeriel\\\/#primaryimage\"},\"image\":{\"@id\":\"http:\\\/\\\/evaas.vetagro-sup.fr\\\/index.php\\\/2026\\\/04\\\/27\\\/presentation-de-loutil-priorite-sante-faune-en-interministeriel\\\/#primaryimage\"},\"thumbnailUrl\":\"http:\\\/\\\/evaas.vetagro-sup.fr\\\/wp-content\\\/uploads\\\/2026\\\/04\\\/Capture-decran-2026-04-27-142403.png\",\"datePublished\":\"2026-04-27T12:49:16+00:00\",\"dateModified\":\"2026-04-27T13:17:16+00:00\",\"description\":\"L'\u00e9quipe du p\u00f4le EVAAS en charge de l'animation de l'outil Priorit\u00e9 Sant\u00e9 Faune a eu la chance d'\u00eatre sollicit\u00e9 en f\u00e9vrier dernier par la Direction\",\"breadcrumb\":{\"@id\":\"http:\\\/\\\/evaas.vetagro-sup.fr\\\/index.php\\\/2026\\\/04\\\/27\\\/presentation-de-loutil-priorite-sante-faune-en-interministeriel\\\/#breadcrumb\"},\"inLanguage\":\"fr-FR\",\"potentialAction\":[{\"@type\":\"ReadAction\",\"target\":[\"http:\\\/\\\/evaas.vetagro-sup.fr\\\/index.php\\\/2026\\\/04\\\/27\\\/presentation-de-loutil-priorite-sante-faune-en-interministeriel\\\/\"]}]},{\"@type\":\"ImageObject\",\"inLanguage\":\"fr-FR\",\"@id\":\"http:\\\/\\\/evaas.vetagro-sup.fr\\\/index.php\\\/2026\\\/04\\\/27\\\/presentation-de-loutil-priorite-sante-faune-en-interministeriel\\\/#primaryimage\",\"url\":\"http:\\\/\\\/evaas.vetagro-sup.fr\\\/wp-content\\\/uploads\\\/2026\\\/04\\\/Capture-decran-2026-04-27-142403.png\",\"contentUrl\":\"http:\\\/\\\/evaas.vetagro-sup.fr\\\/wp-content\\\/uploads\\\/2026\\\/04\\\/Capture-decran-2026-04-27-142403.png\",\"width\":1209,\"height\":682},{\"@type\":\"BreadcrumbList\",\"@id\":\"http:\\\/\\\/evaas.vetagro-sup.fr\\\/index.php\\\/2026\\\/04\\\/27\\\/presentation-de-loutil-priorite-sante-faune-en-interministeriel\\\/#breadcrumb\",\"itemListElement\":[{\"@type\":\"ListItem\",\"position\":1,\"name\":\"Accueil\",\"item\":\"http:\\\/\\\/evaas.vetagro-sup.fr\\\/\"},{\"@type\":\"ListItem\",\"position\":2,\"name\":\"Pr\u00e9sentation de l&rsquo;outil Priorit\u00e9 Sant\u00e9 Faune via un atelier interminist\u00e9riel\"}]},{\"@type\":\"WebSite\",\"@id\":\"http:\\\/\\\/evaas.vetagro-sup.fr\\\/#website\",\"url\":\"http:\\\/\\\/evaas.vetagro-sup.fr\\\/\",\"name\":\"EVAAS\",\"description\":\"Expertise scientifique collective multidisciplinaire en sant\u00e9 de la faune sauvage\",\"publisher\":{\"@id\":\"http:\\\/\\\/evaas.vetagro-sup.fr\\\/#organization\"},\"potentialAction\":[{\"@type\":\"SearchAction\",\"target\":{\"@type\":\"EntryPoint\",\"urlTemplate\":\"http:\\\/\\\/evaas.vetagro-sup.fr\\\/?s={search_term_string}\"},\"query-input\":{\"@type\":\"PropertyValueSpecification\",\"valueRequired\":true,\"valueName\":\"search_term_string\"}}],\"inLanguage\":\"fr-FR\"},{\"@type\":\"Organization\",\"@id\":\"http:\\\/\\\/evaas.vetagro-sup.fr\\\/#organization\",\"name\":\"P\u00f4le EVAAS\",\"url\":\"http:\\\/\\\/evaas.vetagro-sup.fr\\\/\",\"logo\":{\"@type\":\"ImageObject\",\"inLanguage\":\"fr-FR\",\"@id\":\"http:\\\/\\\/evaas.vetagro-sup.fr\\\/#\\\/schema\\\/logo\\\/image\\\/\",\"url\":\"http:\\\/\\\/evaas.vetagro-sup.fr\\\/wp-content\\\/uploads\\\/2018\\\/10\\\/logo_EVAAS_ecran_sans_fond-e1539174118936.png\",\"contentUrl\":\"http:\\\/\\\/evaas.vetagro-sup.fr\\\/wp-content\\\/uploads\\\/2018\\\/10\\\/logo_EVAAS_ecran_sans_fond-e1539174118936.png\",\"width\":387,\"height\":150,\"caption\":\"P\u00f4le EVAAS\"},\"image\":{\"@id\":\"http:\\\/\\\/evaas.vetagro-sup.fr\\\/#\\\/schema\\\/logo\\\/image\\\/\"}},{\"@type\":\"Person\",\"@id\":\"http:\\\/\\\/evaas.vetagro-sup.fr\\\/#\\\/schema\\\/person\\\/39f69ac7780ac371f9ef27b9d4d91507\",\"name\":\"evaas-admin\",\"image\":{\"@type\":\"ImageObject\",\"inLanguage\":\"fr-FR\",\"@id\":\"https:\\\/\\\/secure.gravatar.com\\\/avatar\\\/be92b5b6d77942219df2ecf66ba3207feb2e7c5d543d0411293de093ed0c1dd3?s=96&d=mm&r=g\",\"url\":\"https:\\\/\\\/secure.gravatar.com\\\/avatar\\\/be92b5b6d77942219df2ecf66ba3207feb2e7c5d543d0411293de093ed0c1dd3?s=96&d=mm&r=g\",\"contentUrl\":\"https:\\\/\\\/secure.gravatar.com\\\/avatar\\\/be92b5b6d77942219df2ecf66ba3207feb2e7c5d543d0411293de093ed0c1dd3?s=96&d=mm&r=g\",\"caption\":\"evaas-admin\"},\"url\":\"http:\\\/\\\/evaas.vetagro-sup.fr\\\/index.php\\\/author\\\/evaas-admin\\\/\"}]}<\/script>\n<!-- \/ Yoast SEO plugin. -->","yoast_head_json":{"title":"Pr\u00e9sentation de l'outil Priorit\u00e9 Sant\u00e9 Faune via un atelier interminist\u00e9riel - EVAAS","description":"L'\u00e9quipe du p\u00f4le EVAAS en charge de l'animation de l'outil Priorit\u00e9 Sant\u00e9 Faune a eu la chance d'\u00eatre sollicit\u00e9 en f\u00e9vrier dernier par la Direction","robots":{"index":"index","follow":"follow","max-snippet":"max-snippet:-1","max-image-preview":"max-image-preview:large","max-video-preview":"max-video-preview:-1"},"canonical":"http:\/\/evaas.vetagro-sup.fr\/index.php\/2026\/04\/27\/presentation-de-loutil-priorite-sante-faune-en-interministeriel\/","og_locale":"fr_FR","og_type":"article","og_title":"Pr\u00e9sentation de l'outil Priorit\u00e9 Sant\u00e9 Faune via un atelier interminist\u00e9riel - EVAAS","og_description":"L'\u00e9quipe du p\u00f4le EVAAS en charge de l'animation de l'outil Priorit\u00e9 Sant\u00e9 Faune a eu la chance d'\u00eatre sollicit\u00e9 en f\u00e9vrier dernier par la Direction","og_url":"http:\/\/evaas.vetagro-sup.fr\/index.php\/2026\/04\/27\/presentation-de-loutil-priorite-sante-faune-en-interministeriel\/","og_site_name":"EVAAS","article_published_time":"2026-04-27T12:49:16+00:00","article_modified_time":"2026-04-27T13:17:16+00:00","og_image":[{"width":1209,"height":682,"url":"http:\/\/evaas.vetagro-sup.fr\/wp-content\/uploads\/2026\/04\/Capture-decran-2026-04-27-142403.png","type":"image\/png"}],"author":"evaas-admin","twitter_card":"summary_large_image","twitter_misc":{"\u00c9crit par":"evaas-admin","Dur\u00e9e de lecture estim\u00e9e":"2 minutes"},"schema":{"@context":"https:\/\/schema.org","@graph":[{"@type":"Article","@id":"http:\/\/evaas.vetagro-sup.fr\/index.php\/2026\/04\/27\/presentation-de-loutil-priorite-sante-faune-en-interministeriel\/#article","isPartOf":{"@id":"http:\/\/evaas.vetagro-sup.fr\/index.php\/2026\/04\/27\/presentation-de-loutil-priorite-sante-faune-en-interministeriel\/"},"author":{"name":"evaas-admin","@id":"http:\/\/evaas.vetagro-sup.fr\/#\/schema\/person\/39f69ac7780ac371f9ef27b9d4d91507"},"headline":"Pr\u00e9sentation de l&rsquo;outil Priorit\u00e9 Sant\u00e9 Faune via un atelier interminist\u00e9riel","datePublished":"2026-04-27T12:49:16+00:00","dateModified":"2026-04-27T13:17:16+00:00","mainEntityOfPage":{"@id":"http:\/\/evaas.vetagro-sup.fr\/index.php\/2026\/04\/27\/presentation-de-loutil-priorite-sante-faune-en-interministeriel\/"},"wordCount":482,"commentCount":0,"publisher":{"@id":"http:\/\/evaas.vetagro-sup.fr\/#organization"},"image":{"@id":"http:\/\/evaas.vetagro-sup.fr\/index.php\/2026\/04\/27\/presentation-de-loutil-priorite-sante-faune-en-interministeriel\/#primaryimage"},"thumbnailUrl":"http:\/\/evaas.vetagro-sup.fr\/wp-content\/uploads\/2026\/04\/Capture-decran-2026-04-27-142403.png","keywords":["Emmanuelle Gilot","Nathan Thenon","Priorit\u00e9 Sant\u00e9 Faune","Sylvain Larrat"],"articleSection":["Ev\u00e8nements"],"inLanguage":"fr-FR","potentialAction":[{"@type":"CommentAction","name":"Comment","target":["http:\/\/evaas.vetagro-sup.fr\/index.php\/2026\/04\/27\/presentation-de-loutil-priorite-sante-faune-en-interministeriel\/#respond"]}]},{"@type":"WebPage","@id":"http:\/\/evaas.vetagro-sup.fr\/index.php\/2026\/04\/27\/presentation-de-loutil-priorite-sante-faune-en-interministeriel\/","url":"http:\/\/evaas.vetagro-sup.fr\/index.php\/2026\/04\/27\/presentation-de-loutil-priorite-sante-faune-en-interministeriel\/","name":"Pr\u00e9sentation de l'outil Priorit\u00e9 Sant\u00e9 Faune via un atelier interminist\u00e9riel - EVAAS","isPartOf":{"@id":"http:\/\/evaas.vetagro-sup.fr\/#website"},"primaryImageOfPage":{"@id":"http:\/\/evaas.vetagro-sup.fr\/index.php\/2026\/04\/27\/presentation-de-loutil-priorite-sante-faune-en-interministeriel\/#primaryimage"},"image":{"@id":"http:\/\/evaas.vetagro-sup.fr\/index.php\/2026\/04\/27\/presentation-de-loutil-priorite-sante-faune-en-interministeriel\/#primaryimage"},"thumbnailUrl":"http:\/\/evaas.vetagro-sup.fr\/wp-content\/uploads\/2026\/04\/Capture-decran-2026-04-27-142403.png","datePublished":"2026-04-27T12:49:16+00:00","dateModified":"2026-04-27T13:17:16+00:00","description":"L'\u00e9quipe du p\u00f4le EVAAS en charge de l'animation de l'outil Priorit\u00e9 Sant\u00e9 Faune a eu la chance d'\u00eatre sollicit\u00e9 en f\u00e9vrier dernier par la Direction","breadcrumb":{"@id":"http:\/\/evaas.vetagro-sup.fr\/index.php\/2026\/04\/27\/presentation-de-loutil-priorite-sante-faune-en-interministeriel\/#breadcrumb"},"inLanguage":"fr-FR","potentialAction":[{"@type":"ReadAction","target":["http:\/\/evaas.vetagro-sup.fr\/index.php\/2026\/04\/27\/presentation-de-loutil-priorite-sante-faune-en-interministeriel\/"]}]},{"@type":"ImageObject","inLanguage":"fr-FR","@id":"http:\/\/evaas.vetagro-sup.fr\/index.php\/2026\/04\/27\/presentation-de-loutil-priorite-sante-faune-en-interministeriel\/#primaryimage","url":"http:\/\/evaas.vetagro-sup.fr\/wp-content\/uploads\/2026\/04\/Capture-decran-2026-04-27-142403.png","contentUrl":"http:\/\/evaas.vetagro-sup.fr\/wp-content\/uploads\/2026\/04\/Capture-decran-2026-04-27-142403.png","width":1209,"height":682},{"@type":"BreadcrumbList","@id":"http:\/\/evaas.vetagro-sup.fr\/index.php\/2026\/04\/27\/presentation-de-loutil-priorite-sante-faune-en-interministeriel\/#breadcrumb","itemListElement":[{"@type":"ListItem","position":1,"name":"Accueil","item":"http:\/\/evaas.vetagro-sup.fr\/"},{"@type":"ListItem","position":2,"name":"Pr\u00e9sentation de l&rsquo;outil Priorit\u00e9 Sant\u00e9 Faune via un atelier interminist\u00e9riel"}]},{"@type":"WebSite","@id":"http:\/\/evaas.vetagro-sup.fr\/#website","url":"http:\/\/evaas.vetagro-sup.fr\/","name":"EVAAS","description":"Expertise scientifique collective multidisciplinaire en sant\u00e9 de la faune sauvage","publisher":{"@id":"http:\/\/evaas.vetagro-sup.fr\/#organization"},"potentialAction":[{"@type":"SearchAction","target":{"@type":"EntryPoint","urlTemplate":"http:\/\/evaas.vetagro-sup.fr\/?s={search_term_string}"},"query-input":{"@type":"PropertyValueSpecification","valueRequired":true,"valueName":"search_term_string"}}],"inLanguage":"fr-FR"},{"@type":"Organization","@id":"http:\/\/evaas.vetagro-sup.fr\/#organization","name":"P\u00f4le EVAAS","url":"http:\/\/evaas.vetagro-sup.fr\/","logo":{"@type":"ImageObject","inLanguage":"fr-FR","@id":"http:\/\/evaas.vetagro-sup.fr\/#\/schema\/logo\/image\/","url":"http:\/\/evaas.vetagro-sup.fr\/wp-content\/uploads\/2018\/10\/logo_EVAAS_ecran_sans_fond-e1539174118936.png","contentUrl":"http:\/\/evaas.vetagro-sup.fr\/wp-content\/uploads\/2018\/10\/logo_EVAAS_ecran_sans_fond-e1539174118936.png","width":387,"height":150,"caption":"P\u00f4le EVAAS"},"image":{"@id":"http:\/\/evaas.vetagro-sup.fr\/#\/schema\/logo\/image\/"}},{"@type":"Person","@id":"http:\/\/evaas.vetagro-sup.fr\/#\/schema\/person\/39f69ac7780ac371f9ef27b9d4d91507","name":"evaas-admin","image":{"@type":"ImageObject","inLanguage":"fr-FR","@id":"https:\/\/secure.gravatar.com\/avatar\/be92b5b6d77942219df2ecf66ba3207feb2e7c5d543d0411293de093ed0c1dd3?s=96&d=mm&r=g","url":"https:\/\/secure.gravatar.com\/avatar\/be92b5b6d77942219df2ecf66ba3207feb2e7c5d543d0411293de093ed0c1dd3?s=96&d=mm&r=g","contentUrl":"https:\/\/secure.gravatar.com\/avatar\/be92b5b6d77942219df2ecf66ba3207feb2e7c5d543d0411293de093ed0c1dd3?s=96&d=mm&r=g","caption":"evaas-admin"},"url":"http:\/\/evaas.vetagro-sup.fr\/index.php\/author\/evaas-admin\/"}]}},"_links":{"self":[{"href":"http:\/\/evaas.vetagro-sup.fr\/index.php\/wp-json\/wp\/v2\/posts\/3561","targetHints":{"allow":["GET"]}}],"collection":[{"href":"http:\/\/evaas.vetagro-sup.fr\/index.php\/wp-json\/wp\/v2\/posts"}],"about":[{"href":"http:\/\/evaas.vetagro-sup.fr\/index.php\/wp-json\/wp\/v2\/types\/post"}],"author":[{"embeddable":true,"href":"http:\/\/evaas.vetagro-sup.fr\/index.php\/wp-json\/wp\/v2\/users\/1"}],"replies":[{"embeddable":true,"href":"http:\/\/evaas.vetagro-sup.fr\/index.php\/wp-json\/wp\/v2\/comments?post=3561"}],"version-history":[{"count":7,"href":"http:\/\/evaas.vetagro-sup.fr\/index.php\/wp-json\/wp\/v2\/posts\/3561\/revisions"}],"predecessor-version":[{"id":3574,"href":"http:\/\/evaas.vetagro-sup.fr\/index.php\/wp-json\/wp\/v2\/posts\/3561\/revisions\/3574"}],"wp:featuredmedia":[{"embeddable":true,"href":"http:\/\/evaas.vetagro-sup.fr\/index.php\/wp-json\/wp\/v2\/media\/3564"}],"wp:attachment":[{"href":"http:\/\/evaas.vetagro-sup.fr\/index.php\/wp-json\/wp\/v2\/media?parent=3561"}],"wp:term":[{"taxonomy":"category","embeddable":true,"href":"http:\/\/evaas.vetagro-sup.fr\/index.php\/wp-json\/wp\/v2\/categories?post=3561"},{"taxonomy":"post_tag","embeddable":true,"href":"http:\/\/evaas.vetagro-sup.fr\/index.php\/wp-json\/wp\/v2\/tags?post=3561"}],"curies":[{"name":"wp","href":"https:\/\/api.w.org\/{rel}","templated":true}]}}