{"id":3434,"date":"2026-01-12T13:02:28","date_gmt":"2026-01-12T12:02:28","guid":{"rendered":"https:\/\/evaas.vetagro-sup.fr\/?p=3434"},"modified":"2026-01-27T14:25:27","modified_gmt":"2026-01-27T13:25:27","slug":"interview-demmanuelle-gilot-pour-le-magazine-massif-central","status":"publish","type":"post","link":"http:\/\/evaas.vetagro-sup.fr\/index.php\/2026\/01\/12\/interview-demmanuelle-gilot-pour-le-magazine-massif-central\/","title":{"rendered":"Interview d\u2019Emmanuelle Gilot pour le magazine Massif Central"},"content":{"rendered":"\t\t<div data-elementor-type=\"wp-post\" data-elementor-id=\"3434\" class=\"elementor elementor-3434\">\n\t\t\t\t\t\t<section class=\"elementor-section elementor-top-section elementor-element elementor-element-53ff81c elementor-section-boxed elementor-section-height-default elementor-section-height-default reptro-section-padding-large\" data-id=\"53ff81c\" data-element_type=\"section\" data-e-type=\"section\">\n\t\t\t\t\t\t<div class=\"elementor-container elementor-column-gap-default\">\n\t\t\t\t\t<div class=\"elementor-column elementor-col-100 elementor-top-column elementor-element elementor-element-ceca472\" data-id=\"ceca472\" data-element_type=\"column\" data-e-type=\"column\">\n\t\t\t<div class=\"elementor-widget-wrap elementor-element-populated\">\n\t\t\t\t\t\t<div class=\"elementor-element elementor-element-d3b9dab elementor-widget elementor-widget-text-editor\" data-id=\"d3b9dab\" data-element_type=\"widget\" data-e-type=\"widget\" data-widget_type=\"text-editor.default\">\n\t\t\t\t<div class=\"elementor-widget-container\">\n\t\t\t\t\t\t\t\t\t<p><strong>Le Dr. Vet Emmanuelle Gilot,<\/strong>\u00a0enseignante-chercheuse \u00e0 VetAgro et responsable du p\u00f4le EVAAS, a \u00e9t\u00e9\u00a0<strong>interview\u00e9e pour le 157\u00e8me num\u00e9ro du magazine Massif Central<\/strong>, afin de discuter sur <strong>la place \u00e0 donner \u00e0 la petite faune sauvage vivant \u00e0 proximit\u00e9 des humains (h\u00e9rissons, chauves-souris, must\u00e9lid\u00e9s, rongeurs\u2026) et du r\u00f4le de celle-ci dans la transmission ou la r\u00e9gulation de certains agents pathog\u00e8nes.<\/strong><\/p><p>Au travers de cet article de 6 pages, il a ainsi \u00e9t\u00e9 d\u00e9crit l\u2019importance de ces esp\u00e8ces dans les \u00e9cosyst\u00e8mes ruraux fran\u00e7ais, l\u2019historique des relations humains-animaux li\u00e9 \u00e0 certaines esp\u00e8ces, les bonnes pratiques \u00e0 avoir pour cohabiter en minimisant les risques et la v\u00e9rit\u00e9 derri\u00e8re certaines id\u00e9es re\u00e7ues.\u00a0<\/p>\t\t\t\t\t\t\t\t<\/div>\n\t\t\t\t<\/div>\n\t\t\t\t\t<\/div>\n\t\t<\/div>\n\t\t\t\t\t<\/div>\n\t\t<\/section>\n\t\t\t\t<\/div>\n\t\t","protected":false},"excerpt":{"rendered":"<p>Le Dr. Vet Emmanuelle Gilot,\u00a0enseignante-chercheuse \u00e0 VetAgro et responsable du p\u00f4le EVAAS, a \u00e9t\u00e9\u00a0interview\u00e9e pour le 157\u00e8me num\u00e9ro du magazine Massif Central, afin de discuter sur la place \u00e0 donner \u00e0 la petite faune sauvage vivant \u00e0 proximit\u00e9 des humains (h\u00e9rissons, chauves-souris, must\u00e9lid\u00e9s, rongeurs\u2026) et du r\u00f4le de celle-ci dans la transmission ou la r\u00e9gulation&#8230;<\/p>\n","protected":false},"author":1,"featured_media":3436,"comment_status":"open","ping_status":"open","sticky":false,"template":"","format":"standard","meta":{"_monsterinsights_skip_tracking":false,"_monsterinsights_sitenote_active":false,"_monsterinsights_sitenote_note":"","_monsterinsights_sitenote_category":0,"_uf_show_specific_survey":0,"_uf_disable_surveys":false,"footnotes":""},"categories":[19],"tags":[40],"class_list":["post-3434","post","type-post","status-publish","format-standard","has-post-thumbnail","hentry","category-evenements","tag-emmanuelle-gilot"],"yoast_head":"<!-- This site is optimized with the Yoast SEO plugin v27.5 - https:\/\/yoast.com\/product\/yoast-seo-wordpress\/ -->\n<title>Interview d\u2019Emmanuelle Gilot pour le magazine Massif Central - EVAAS<\/title>\n<meta name=\"description\" content=\"Le Dr. Vet Emmanuelle Gilot,\u00a0enseignante-chercheuse \u00e0 VetAgro et responsable du p\u00f4le EVAAS, a \u00e9t\u00e9\u00a0interview\u00e9e pour le 157\u00e8me num\u00e9ro du magazine Massif\" \/>\n<meta name=\"robots\" content=\"index, follow, max-snippet:-1, max-image-preview:large, max-video-preview:-1\" \/>\n<link rel=\"canonical\" href=\"http:\/\/evaas.vetagro-sup.fr\/index.php\/2026\/01\/12\/interview-demmanuelle-gilot-pour-le-magazine-massif-central\/\" \/>\n<meta property=\"og:locale\" content=\"fr_FR\" \/>\n<meta property=\"og:type\" content=\"article\" \/>\n<meta property=\"og:title\" content=\"Interview d\u2019Emmanuelle Gilot pour le magazine Massif Central - EVAAS\" \/>\n<meta property=\"og:description\" content=\"Le Dr. Vet Emmanuelle Gilot,\u00a0enseignante-chercheuse \u00e0 VetAgro et responsable du p\u00f4le EVAAS, a \u00e9t\u00e9\u00a0interview\u00e9e pour le 157\u00e8me num\u00e9ro du magazine Massif\" \/>\n<meta property=\"og:url\" content=\"http:\/\/evaas.vetagro-sup.fr\/index.php\/2026\/01\/12\/interview-demmanuelle-gilot-pour-le-magazine-massif-central\/\" \/>\n<meta property=\"og:site_name\" content=\"EVAAS\" \/>\n<meta property=\"article:published_time\" content=\"2026-01-12T12:02:28+00:00\" \/>\n<meta property=\"article:modified_time\" content=\"2026-01-27T13:25:27+00:00\" \/>\n<meta property=\"og:image\" content=\"http:\/\/evaas.vetagro-sup.fr\/wp-content\/uploads\/2026\/01\/WhatsApp-Image-2025-12-21-at-10.03.39-002.jpeg\" \/>\n\t<meta property=\"og:image:width\" content=\"847\" \/>\n\t<meta property=\"og:image:height\" content=\"747\" \/>\n\t<meta property=\"og:image:type\" content=\"image\/jpeg\" \/>\n<meta name=\"author\" content=\"evaas-admin\" \/>\n<meta name=\"twitter:card\" content=\"summary_large_image\" \/>\n<meta name=\"twitter:label1\" content=\"\u00c9crit par\" \/>\n\t<meta name=\"twitter:data1\" content=\"evaas-admin\" \/>\n\t<meta name=\"twitter:label2\" content=\"Dur\u00e9e de lecture estim\u00e9e\" \/>\n\t<meta name=\"twitter:data2\" content=\"1 minute\" \/>\n<script type=\"application\/ld+json\" class=\"yoast-schema-graph\">{\"@context\":\"https:\\\/\\\/schema.org\",\"@graph\":[{\"@type\":\"Article\",\"@id\":\"http:\\\/\\\/evaas.vetagro-sup.fr\\\/index.php\\\/2026\\\/01\\\/12\\\/interview-demmanuelle-gilot-pour-le-magazine-massif-central\\\/#article\",\"isPartOf\":{\"@id\":\"http:\\\/\\\/evaas.vetagro-sup.fr\\\/index.php\\\/2026\\\/01\\\/12\\\/interview-demmanuelle-gilot-pour-le-magazine-massif-central\\\/\"},\"author\":{\"name\":\"evaas-admin\",\"@id\":\"http:\\\/\\\/evaas.vetagro-sup.fr\\\/#\\\/schema\\\/person\\\/39f69ac7780ac371f9ef27b9d4d91507\"},\"headline\":\"Interview d\u2019Emmanuelle Gilot pour le magazine Massif Central\",\"datePublished\":\"2026-01-12T12:02:28+00:00\",\"dateModified\":\"2026-01-27T13:25:27+00:00\",\"mainEntityOfPage\":{\"@id\":\"http:\\\/\\\/evaas.vetagro-sup.fr\\\/index.php\\\/2026\\\/01\\\/12\\\/interview-demmanuelle-gilot-pour-le-magazine-massif-central\\\/\"},\"wordCount\":131,\"commentCount\":0,\"publisher\":{\"@id\":\"http:\\\/\\\/evaas.vetagro-sup.fr\\\/#organization\"},\"image\":{\"@id\":\"http:\\\/\\\/evaas.vetagro-sup.fr\\\/index.php\\\/2026\\\/01\\\/12\\\/interview-demmanuelle-gilot-pour-le-magazine-massif-central\\\/#primaryimage\"},\"thumbnailUrl\":\"http:\\\/\\\/evaas.vetagro-sup.fr\\\/wp-content\\\/uploads\\\/2026\\\/01\\\/WhatsApp-Image-2025-12-21-at-10.03.39-002.jpeg\",\"keywords\":[\"Emmanuelle Gilot\"],\"articleSection\":[\"Ev\u00e8nements\"],\"inLanguage\":\"fr-FR\",\"potentialAction\":[{\"@type\":\"CommentAction\",\"name\":\"Comment\",\"target\":[\"http:\\\/\\\/evaas.vetagro-sup.fr\\\/index.php\\\/2026\\\/01\\\/12\\\/interview-demmanuelle-gilot-pour-le-magazine-massif-central\\\/#respond\"]}]},{\"@type\":\"WebPage\",\"@id\":\"http:\\\/\\\/evaas.vetagro-sup.fr\\\/index.php\\\/2026\\\/01\\\/12\\\/interview-demmanuelle-gilot-pour-le-magazine-massif-central\\\/\",\"url\":\"http:\\\/\\\/evaas.vetagro-sup.fr\\\/index.php\\\/2026\\\/01\\\/12\\\/interview-demmanuelle-gilot-pour-le-magazine-massif-central\\\/\",\"name\":\"Interview d\u2019Emmanuelle Gilot pour le magazine Massif Central - EVAAS\",\"isPartOf\":{\"@id\":\"http:\\\/\\\/evaas.vetagro-sup.fr\\\/#website\"},\"primaryImageOfPage\":{\"@id\":\"http:\\\/\\\/evaas.vetagro-sup.fr\\\/index.php\\\/2026\\\/01\\\/12\\\/interview-demmanuelle-gilot-pour-le-magazine-massif-central\\\/#primaryimage\"},\"image\":{\"@id\":\"http:\\\/\\\/evaas.vetagro-sup.fr\\\/index.php\\\/2026\\\/01\\\/12\\\/interview-demmanuelle-gilot-pour-le-magazine-massif-central\\\/#primaryimage\"},\"thumbnailUrl\":\"http:\\\/\\\/evaas.vetagro-sup.fr\\\/wp-content\\\/uploads\\\/2026\\\/01\\\/WhatsApp-Image-2025-12-21-at-10.03.39-002.jpeg\",\"datePublished\":\"2026-01-12T12:02:28+00:00\",\"dateModified\":\"2026-01-27T13:25:27+00:00\",\"description\":\"Le Dr. Vet Emmanuelle Gilot,\u00a0enseignante-chercheuse \u00e0 VetAgro et responsable du p\u00f4le EVAAS, a \u00e9t\u00e9\u00a0interview\u00e9e pour le 157\u00e8me num\u00e9ro du magazine Massif\",\"breadcrumb\":{\"@id\":\"http:\\\/\\\/evaas.vetagro-sup.fr\\\/index.php\\\/2026\\\/01\\\/12\\\/interview-demmanuelle-gilot-pour-le-magazine-massif-central\\\/#breadcrumb\"},\"inLanguage\":\"fr-FR\",\"potentialAction\":[{\"@type\":\"ReadAction\",\"target\":[\"http:\\\/\\\/evaas.vetagro-sup.fr\\\/index.php\\\/2026\\\/01\\\/12\\\/interview-demmanuelle-gilot-pour-le-magazine-massif-central\\\/\"]}]},{\"@type\":\"ImageObject\",\"inLanguage\":\"fr-FR\",\"@id\":\"http:\\\/\\\/evaas.vetagro-sup.fr\\\/index.php\\\/2026\\\/01\\\/12\\\/interview-demmanuelle-gilot-pour-le-magazine-massif-central\\\/#primaryimage\",\"url\":\"http:\\\/\\\/evaas.vetagro-sup.fr\\\/wp-content\\\/uploads\\\/2026\\\/01\\\/WhatsApp-Image-2025-12-21-at-10.03.39-002.jpeg\",\"contentUrl\":\"http:\\\/\\\/evaas.vetagro-sup.fr\\\/wp-content\\\/uploads\\\/2026\\\/01\\\/WhatsApp-Image-2025-12-21-at-10.03.39-002.jpeg\",\"width\":847,\"height\":747},{\"@type\":\"BreadcrumbList\",\"@id\":\"http:\\\/\\\/evaas.vetagro-sup.fr\\\/index.php\\\/2026\\\/01\\\/12\\\/interview-demmanuelle-gilot-pour-le-magazine-massif-central\\\/#breadcrumb\",\"itemListElement\":[{\"@type\":\"ListItem\",\"position\":1,\"name\":\"Accueil\",\"item\":\"http:\\\/\\\/evaas.vetagro-sup.fr\\\/\"},{\"@type\":\"ListItem\",\"position\":2,\"name\":\"Interview d\u2019Emmanuelle Gilot pour le magazine Massif Central\"}]},{\"@type\":\"WebSite\",\"@id\":\"http:\\\/\\\/evaas.vetagro-sup.fr\\\/#website\",\"url\":\"http:\\\/\\\/evaas.vetagro-sup.fr\\\/\",\"name\":\"EVAAS\",\"description\":\"Expertise scientifique collective multidisciplinaire en sant\u00e9 de la faune sauvage\",\"publisher\":{\"@id\":\"http:\\\/\\\/evaas.vetagro-sup.fr\\\/#organization\"},\"potentialAction\":[{\"@type\":\"SearchAction\",\"target\":{\"@type\":\"EntryPoint\",\"urlTemplate\":\"http:\\\/\\\/evaas.vetagro-sup.fr\\\/?s={search_term_string}\"},\"query-input\":{\"@type\":\"PropertyValueSpecification\",\"valueRequired\":true,\"valueName\":\"search_term_string\"}}],\"inLanguage\":\"fr-FR\"},{\"@type\":\"Organization\",\"@id\":\"http:\\\/\\\/evaas.vetagro-sup.fr\\\/#organization\",\"name\":\"P\u00f4le EVAAS\",\"url\":\"http:\\\/\\\/evaas.vetagro-sup.fr\\\/\",\"logo\":{\"@type\":\"ImageObject\",\"inLanguage\":\"fr-FR\",\"@id\":\"http:\\\/\\\/evaas.vetagro-sup.fr\\\/#\\\/schema\\\/logo\\\/image\\\/\",\"url\":\"http:\\\/\\\/evaas.vetagro-sup.fr\\\/wp-content\\\/uploads\\\/2018\\\/10\\\/logo_EVAAS_ecran_sans_fond-e1539174118936.png\",\"contentUrl\":\"http:\\\/\\\/evaas.vetagro-sup.fr\\\/wp-content\\\/uploads\\\/2018\\\/10\\\/logo_EVAAS_ecran_sans_fond-e1539174118936.png\",\"width\":387,\"height\":150,\"caption\":\"P\u00f4le EVAAS\"},\"image\":{\"@id\":\"http:\\\/\\\/evaas.vetagro-sup.fr\\\/#\\\/schema\\\/logo\\\/image\\\/\"}},{\"@type\":\"Person\",\"@id\":\"http:\\\/\\\/evaas.vetagro-sup.fr\\\/#\\\/schema\\\/person\\\/39f69ac7780ac371f9ef27b9d4d91507\",\"name\":\"evaas-admin\",\"image\":{\"@type\":\"ImageObject\",\"inLanguage\":\"fr-FR\",\"@id\":\"https:\\\/\\\/secure.gravatar.com\\\/avatar\\\/be92b5b6d77942219df2ecf66ba3207feb2e7c5d543d0411293de093ed0c1dd3?s=96&d=mm&r=g\",\"url\":\"https:\\\/\\\/secure.gravatar.com\\\/avatar\\\/be92b5b6d77942219df2ecf66ba3207feb2e7c5d543d0411293de093ed0c1dd3?s=96&d=mm&r=g\",\"contentUrl\":\"https:\\\/\\\/secure.gravatar.com\\\/avatar\\\/be92b5b6d77942219df2ecf66ba3207feb2e7c5d543d0411293de093ed0c1dd3?s=96&d=mm&r=g\",\"caption\":\"evaas-admin\"},\"url\":\"http:\\\/\\\/evaas.vetagro-sup.fr\\\/index.php\\\/author\\\/evaas-admin\\\/\"}]}<\/script>\n<!-- \/ Yoast SEO plugin. -->","yoast_head_json":{"title":"Interview d\u2019Emmanuelle Gilot pour le magazine Massif Central - EVAAS","description":"Le Dr. Vet Emmanuelle Gilot,\u00a0enseignante-chercheuse \u00e0 VetAgro et responsable du p\u00f4le EVAAS, a \u00e9t\u00e9\u00a0interview\u00e9e pour le 157\u00e8me num\u00e9ro du magazine Massif","robots":{"index":"index","follow":"follow","max-snippet":"max-snippet:-1","max-image-preview":"max-image-preview:large","max-video-preview":"max-video-preview:-1"},"canonical":"http:\/\/evaas.vetagro-sup.fr\/index.php\/2026\/01\/12\/interview-demmanuelle-gilot-pour-le-magazine-massif-central\/","og_locale":"fr_FR","og_type":"article","og_title":"Interview d\u2019Emmanuelle Gilot pour le magazine Massif Central - EVAAS","og_description":"Le Dr. Vet Emmanuelle Gilot,\u00a0enseignante-chercheuse \u00e0 VetAgro et responsable du p\u00f4le EVAAS, a \u00e9t\u00e9\u00a0interview\u00e9e pour le 157\u00e8me num\u00e9ro du magazine Massif","og_url":"http:\/\/evaas.vetagro-sup.fr\/index.php\/2026\/01\/12\/interview-demmanuelle-gilot-pour-le-magazine-massif-central\/","og_site_name":"EVAAS","article_published_time":"2026-01-12T12:02:28+00:00","article_modified_time":"2026-01-27T13:25:27+00:00","og_image":[{"width":847,"height":747,"url":"http:\/\/evaas.vetagro-sup.fr\/wp-content\/uploads\/2026\/01\/WhatsApp-Image-2025-12-21-at-10.03.39-002.jpeg","type":"image\/jpeg"}],"author":"evaas-admin","twitter_card":"summary_large_image","twitter_misc":{"\u00c9crit par":"evaas-admin","Dur\u00e9e de lecture estim\u00e9e":"1 minute"},"schema":{"@context":"https:\/\/schema.org","@graph":[{"@type":"Article","@id":"http:\/\/evaas.vetagro-sup.fr\/index.php\/2026\/01\/12\/interview-demmanuelle-gilot-pour-le-magazine-massif-central\/#article","isPartOf":{"@id":"http:\/\/evaas.vetagro-sup.fr\/index.php\/2026\/01\/12\/interview-demmanuelle-gilot-pour-le-magazine-massif-central\/"},"author":{"name":"evaas-admin","@id":"http:\/\/evaas.vetagro-sup.fr\/#\/schema\/person\/39f69ac7780ac371f9ef27b9d4d91507"},"headline":"Interview d\u2019Emmanuelle Gilot pour le magazine Massif Central","datePublished":"2026-01-12T12:02:28+00:00","dateModified":"2026-01-27T13:25:27+00:00","mainEntityOfPage":{"@id":"http:\/\/evaas.vetagro-sup.fr\/index.php\/2026\/01\/12\/interview-demmanuelle-gilot-pour-le-magazine-massif-central\/"},"wordCount":131,"commentCount":0,"publisher":{"@id":"http:\/\/evaas.vetagro-sup.fr\/#organization"},"image":{"@id":"http:\/\/evaas.vetagro-sup.fr\/index.php\/2026\/01\/12\/interview-demmanuelle-gilot-pour-le-magazine-massif-central\/#primaryimage"},"thumbnailUrl":"http:\/\/evaas.vetagro-sup.fr\/wp-content\/uploads\/2026\/01\/WhatsApp-Image-2025-12-21-at-10.03.39-002.jpeg","keywords":["Emmanuelle Gilot"],"articleSection":["Ev\u00e8nements"],"inLanguage":"fr-FR","potentialAction":[{"@type":"CommentAction","name":"Comment","target":["http:\/\/evaas.vetagro-sup.fr\/index.php\/2026\/01\/12\/interview-demmanuelle-gilot-pour-le-magazine-massif-central\/#respond"]}]},{"@type":"WebPage","@id":"http:\/\/evaas.vetagro-sup.fr\/index.php\/2026\/01\/12\/interview-demmanuelle-gilot-pour-le-magazine-massif-central\/","url":"http:\/\/evaas.vetagro-sup.fr\/index.php\/2026\/01\/12\/interview-demmanuelle-gilot-pour-le-magazine-massif-central\/","name":"Interview d\u2019Emmanuelle Gilot pour le magazine Massif Central - EVAAS","isPartOf":{"@id":"http:\/\/evaas.vetagro-sup.fr\/#website"},"primaryImageOfPage":{"@id":"http:\/\/evaas.vetagro-sup.fr\/index.php\/2026\/01\/12\/interview-demmanuelle-gilot-pour-le-magazine-massif-central\/#primaryimage"},"image":{"@id":"http:\/\/evaas.vetagro-sup.fr\/index.php\/2026\/01\/12\/interview-demmanuelle-gilot-pour-le-magazine-massif-central\/#primaryimage"},"thumbnailUrl":"http:\/\/evaas.vetagro-sup.fr\/wp-content\/uploads\/2026\/01\/WhatsApp-Image-2025-12-21-at-10.03.39-002.jpeg","datePublished":"2026-01-12T12:02:28+00:00","dateModified":"2026-01-27T13:25:27+00:00","description":"Le Dr. Vet Emmanuelle Gilot,\u00a0enseignante-chercheuse \u00e0 VetAgro et responsable du p\u00f4le EVAAS, a \u00e9t\u00e9\u00a0interview\u00e9e pour le 157\u00e8me num\u00e9ro du magazine Massif","breadcrumb":{"@id":"http:\/\/evaas.vetagro-sup.fr\/index.php\/2026\/01\/12\/interview-demmanuelle-gilot-pour-le-magazine-massif-central\/#breadcrumb"},"inLanguage":"fr-FR","potentialAction":[{"@type":"ReadAction","target":["http:\/\/evaas.vetagro-sup.fr\/index.php\/2026\/01\/12\/interview-demmanuelle-gilot-pour-le-magazine-massif-central\/"]}]},{"@type":"ImageObject","inLanguage":"fr-FR","@id":"http:\/\/evaas.vetagro-sup.fr\/index.php\/2026\/01\/12\/interview-demmanuelle-gilot-pour-le-magazine-massif-central\/#primaryimage","url":"http:\/\/evaas.vetagro-sup.fr\/wp-content\/uploads\/2026\/01\/WhatsApp-Image-2025-12-21-at-10.03.39-002.jpeg","contentUrl":"http:\/\/evaas.vetagro-sup.fr\/wp-content\/uploads\/2026\/01\/WhatsApp-Image-2025-12-21-at-10.03.39-002.jpeg","width":847,"height":747},{"@type":"BreadcrumbList","@id":"http:\/\/evaas.vetagro-sup.fr\/index.php\/2026\/01\/12\/interview-demmanuelle-gilot-pour-le-magazine-massif-central\/#breadcrumb","itemListElement":[{"@type":"ListItem","position":1,"name":"Accueil","item":"http:\/\/evaas.vetagro-sup.fr\/"},{"@type":"ListItem","position":2,"name":"Interview d\u2019Emmanuelle Gilot pour le magazine Massif Central"}]},{"@type":"WebSite","@id":"http:\/\/evaas.vetagro-sup.fr\/#website","url":"http:\/\/evaas.vetagro-sup.fr\/","name":"EVAAS","description":"Expertise scientifique collective multidisciplinaire en sant\u00e9 de la faune sauvage","publisher":{"@id":"http:\/\/evaas.vetagro-sup.fr\/#organization"},"potentialAction":[{"@type":"SearchAction","target":{"@type":"EntryPoint","urlTemplate":"http:\/\/evaas.vetagro-sup.fr\/?s={search_term_string}"},"query-input":{"@type":"PropertyValueSpecification","valueRequired":true,"valueName":"search_term_string"}}],"inLanguage":"fr-FR"},{"@type":"Organization","@id":"http:\/\/evaas.vetagro-sup.fr\/#organization","name":"P\u00f4le EVAAS","url":"http:\/\/evaas.vetagro-sup.fr\/","logo":{"@type":"ImageObject","inLanguage":"fr-FR","@id":"http:\/\/evaas.vetagro-sup.fr\/#\/schema\/logo\/image\/","url":"http:\/\/evaas.vetagro-sup.fr\/wp-content\/uploads\/2018\/10\/logo_EVAAS_ecran_sans_fond-e1539174118936.png","contentUrl":"http:\/\/evaas.vetagro-sup.fr\/wp-content\/uploads\/2018\/10\/logo_EVAAS_ecran_sans_fond-e1539174118936.png","width":387,"height":150,"caption":"P\u00f4le EVAAS"},"image":{"@id":"http:\/\/evaas.vetagro-sup.fr\/#\/schema\/logo\/image\/"}},{"@type":"Person","@id":"http:\/\/evaas.vetagro-sup.fr\/#\/schema\/person\/39f69ac7780ac371f9ef27b9d4d91507","name":"evaas-admin","image":{"@type":"ImageObject","inLanguage":"fr-FR","@id":"https:\/\/secure.gravatar.com\/avatar\/be92b5b6d77942219df2ecf66ba3207feb2e7c5d543d0411293de093ed0c1dd3?s=96&d=mm&r=g","url":"https:\/\/secure.gravatar.com\/avatar\/be92b5b6d77942219df2ecf66ba3207feb2e7c5d543d0411293de093ed0c1dd3?s=96&d=mm&r=g","contentUrl":"https:\/\/secure.gravatar.com\/avatar\/be92b5b6d77942219df2ecf66ba3207feb2e7c5d543d0411293de093ed0c1dd3?s=96&d=mm&r=g","caption":"evaas-admin"},"url":"http:\/\/evaas.vetagro-sup.fr\/index.php\/author\/evaas-admin\/"}]}},"_links":{"self":[{"href":"http:\/\/evaas.vetagro-sup.fr\/index.php\/wp-json\/wp\/v2\/posts\/3434","targetHints":{"allow":["GET"]}}],"collection":[{"href":"http:\/\/evaas.vetagro-sup.fr\/index.php\/wp-json\/wp\/v2\/posts"}],"about":[{"href":"http:\/\/evaas.vetagro-sup.fr\/index.php\/wp-json\/wp\/v2\/types\/post"}],"author":[{"embeddable":true,"href":"http:\/\/evaas.vetagro-sup.fr\/index.php\/wp-json\/wp\/v2\/users\/1"}],"replies":[{"embeddable":true,"href":"http:\/\/evaas.vetagro-sup.fr\/index.php\/wp-json\/wp\/v2\/comments?post=3434"}],"version-history":[{"count":8,"href":"http:\/\/evaas.vetagro-sup.fr\/index.php\/wp-json\/wp\/v2\/posts\/3434\/revisions"}],"predecessor-version":[{"id":3444,"href":"http:\/\/evaas.vetagro-sup.fr\/index.php\/wp-json\/wp\/v2\/posts\/3434\/revisions\/3444"}],"wp:featuredmedia":[{"embeddable":true,"href":"http:\/\/evaas.vetagro-sup.fr\/index.php\/wp-json\/wp\/v2\/media\/3436"}],"wp:attachment":[{"href":"http:\/\/evaas.vetagro-sup.fr\/index.php\/wp-json\/wp\/v2\/media?parent=3434"}],"wp:term":[{"taxonomy":"category","embeddable":true,"href":"http:\/\/evaas.vetagro-sup.fr\/index.php\/wp-json\/wp\/v2\/categories?post=3434"},{"taxonomy":"post_tag","embeddable":true,"href":"http:\/\/evaas.vetagro-sup.fr\/index.php\/wp-json\/wp\/v2\/tags?post=3434"}],"curies":[{"name":"wp","href":"https:\/\/api.w.org\/{rel}","templated":true}]}}