{"id":3306,"date":"2025-12-12T09:15:26","date_gmt":"2025-12-12T08:15:26","guid":{"rendered":"https:\/\/evaas.vetagro-sup.fr\/?p=3306"},"modified":"2026-01-05T13:12:16","modified_gmt":"2026-01-05T12:12:16","slug":"rozenn-le-net-pole-evaas-presente-un-poster-aux-journees-scientifiques-de-lafvpz","status":"publish","type":"post","link":"http:\/\/evaas.vetagro-sup.fr\/index.php\/2025\/12\/12\/rozenn-le-net-pole-evaas-presente-un-poster-aux-journees-scientifiques-de-lafvpz\/","title":{"rendered":"Rozenn Le Net (p\u00f4le EVAAS) pr\u00e9sente un poster aux Journ\u00e9es Scientifiques de l\u2019AFVPZ"},"content":{"rendered":"\t\t<div data-elementor-type=\"wp-post\" data-elementor-id=\"3306\" class=\"elementor elementor-3306\">\n\t\t\t\t\t\t<section class=\"elementor-section elementor-top-section elementor-element elementor-element-ae76121 elementor-section-boxed elementor-section-height-default elementor-section-height-default reptro-section-padding-large\" data-id=\"ae76121\" data-element_type=\"section\" data-e-type=\"section\">\n\t\t\t\t\t\t<div class=\"elementor-container elementor-column-gap-default\">\n\t\t\t\t\t<div class=\"elementor-column elementor-col-100 elementor-top-column elementor-element elementor-element-803415c\" data-id=\"803415c\" data-element_type=\"column\" data-e-type=\"column\">\n\t\t\t<div class=\"elementor-widget-wrap elementor-element-populated\">\n\t\t\t\t\t\t<div class=\"elementor-element elementor-element-e3170ef elementor-widget elementor-widget-text-editor\" data-id=\"e3170ef\" data-element_type=\"widget\" data-e-type=\"widget\" data-widget_type=\"text-editor.default\">\n\t\t\t\t<div class=\"elementor-widget-container\">\n\t\t\t\t\t\t\t\t\t<p>Lors des Journ\u00e9es Scientifiques de l\u2019Association Fran\u00e7aise des V\u00e9t\u00e9rinaires de Parcs Zoologiques (AFVPZ) qui se sont d\u00e9roul\u00e9es au parc Biotropica (Val-de-Reuil, Eure) les 20 et 21 novembre 2025, <strong>Rozenn<\/strong>\u00a0<strong>Le Net<\/strong>, pathologiste du <strong>p\u00f4le<\/strong>\u00a0<strong>d\u2019<\/strong><strong>Expertise<\/strong> <strong>V\u00e9t\u00e9rinaire et Agronomique Animaux Sauvages (EVAAS)<\/strong> de VetAgro Sup, a pr\u00e9sent\u00e9 un poster issu d\u2019un cas d\u2019autopsie r\u00e9alis\u00e9 en\u00a0<strong>salle d\u2019autopsie de niveau de bios\u00e9curit\u00e9 3<\/strong>\u00a0de l\u2019\u00e9tablissement.<br \/>Ce travail, consacr\u00e9 \u00e0 un cas de dysplasie r\u00e9nale chez une marmotte des Alpes, illustre l\u2019expertise du p\u00f4le en pathologie de la faune sauvage et des animaux exotiques.<\/p><p>Nous rappelons que le\u00a0<strong>p\u00f4le EVAAS<\/strong>\u00a0assure un\u00a0<strong>service d\u2019autopsies diagnostiques<\/strong>\u00a0pour :<\/p><ul><li>les animaux de la\u00a0<strong>faune sauvage libre<\/strong>, dans le cadre du r\u00e9seau\u00a0<strong>Sagir <\/strong>(r\u00e9seau de surveillance de la mortalit\u00e9 anormale de la faune sauvage en France),<\/li><li>les animaux pris en charge par le\u00a0<strong>centre de soins L\u2019Hirondelle<\/strong>,<\/li><li>les animaux de\u00a0<strong>parcs zoologiques<\/strong>, notamment ceux du\u00a0<strong>Parc de Courzieu<\/strong>,<\/li><li>ainsi que divers\u00a0<strong>animaux exotiques<\/strong>\u00a0d\u00e9tenus par des particuliers.<\/li><\/ul><p>Au-del\u00e0 de son r\u00f4le diagnostique, cette activit\u00e9 constitue un\u00a0<strong>support p\u00e9dagogique majeur<\/strong>. La grande majorit\u00e9 de ces autopsies est effectu\u00e9e en pr\u00e9sence d\u2019<strong>\u00e9tudiants b\u00e9n\u00e9voles<\/strong>\u00a0ou dans le cadre de leur\u00a0<strong>rotation obligatoire d\u2019autopsie<\/strong>, leur offrant une immersion concr\u00e8te dans la d\u00e9marche diagnostique, la bios\u00e9curit\u00e9 et l\u2019interpr\u00e9tation l\u00e9sionnelle.<\/p>\t\t\t\t\t\t\t\t<\/div>\n\t\t\t\t<\/div>\n\t\t\t\t\t<\/div>\n\t\t<\/div>\n\t\t\t\t\t<\/div>\n\t\t<\/section>\n\t\t\t\t<\/div>\n\t\t","protected":false},"excerpt":{"rendered":"<p>Lors des Journ\u00e9es Scientifiques de l\u2019Association Fran\u00e7aise des V\u00e9t\u00e9rinaires de Parcs Zoologiques (AFVPZ) qui se sont d\u00e9roul\u00e9es au parc Biotropica (Val-de-Reuil, Eure) les 20 et 21 novembre 2025, Rozenn\u00a0Le Net, pathologiste du p\u00f4le\u00a0d\u2019Expertise V\u00e9t\u00e9rinaire et Agronomique Animaux Sauvages (EVAAS) de VetAgro Sup, a pr\u00e9sent\u00e9 un poster issu d\u2019un cas d\u2019autopsie r\u00e9alis\u00e9 en\u00a0salle d\u2019autopsie de niveau&#8230;<\/p>\n","protected":false},"author":1,"featured_media":3310,"comment_status":"open","ping_status":"open","sticky":false,"template":"","format":"standard","meta":{"_monsterinsights_skip_tracking":false,"_uf_show_specific_survey":0,"_uf_disable_surveys":false,"footnotes":""},"categories":[19],"tags":[34,33,52,36],"class_list":["post-3306","post","type-post","status-publish","format-standard","has-post-thumbnail","hentry","category-evenements","tag-faune-sauvage","tag-rozenn-le-net","tag-salle-dautopsie-bsl3","tag-valorisation-scientifique"],"_links":{"self":[{"href":"http:\/\/evaas.vetagro-sup.fr\/index.php\/wp-json\/wp\/v2\/posts\/3306","targetHints":{"allow":["GET"]}}],"collection":[{"href":"http:\/\/evaas.vetagro-sup.fr\/index.php\/wp-json\/wp\/v2\/posts"}],"about":[{"href":"http:\/\/evaas.vetagro-sup.fr\/index.php\/wp-json\/wp\/v2\/types\/post"}],"author":[{"embeddable":true,"href":"http:\/\/evaas.vetagro-sup.fr\/index.php\/wp-json\/wp\/v2\/users\/1"}],"replies":[{"embeddable":true,"href":"http:\/\/evaas.vetagro-sup.fr\/index.php\/wp-json\/wp\/v2\/comments?post=3306"}],"version-history":[{"count":4,"href":"http:\/\/evaas.vetagro-sup.fr\/index.php\/wp-json\/wp\/v2\/posts\/3306\/revisions"}],"predecessor-version":[{"id":3313,"href":"http:\/\/evaas.vetagro-sup.fr\/index.php\/wp-json\/wp\/v2\/posts\/3306\/revisions\/3313"}],"wp:featuredmedia":[{"embeddable":true,"href":"http:\/\/evaas.vetagro-sup.fr\/index.php\/wp-json\/wp\/v2\/media\/3310"}],"wp:attachment":[{"href":"http:\/\/evaas.vetagro-sup.fr\/index.php\/wp-json\/wp\/v2\/media?parent=3306"}],"wp:term":[{"taxonomy":"category","embeddable":true,"href":"http:\/\/evaas.vetagro-sup.fr\/index.php\/wp-json\/wp\/v2\/categories?post=3306"},{"taxonomy":"post_tag","embeddable":true,"href":"http:\/\/evaas.vetagro-sup.fr\/index.php\/wp-json\/wp\/v2\/tags?post=3306"}],"curies":[{"name":"wp","href":"https:\/\/api.w.org\/{rel}","templated":true}]}}