{"id":3287,"date":"2025-11-13T10:43:24","date_gmt":"2025-11-13T09:43:24","guid":{"rendered":"https:\/\/evaas.vetagro-sup.fr\/?p=3287"},"modified":"2025-11-13T10:46:59","modified_gmt":"2025-11-13T09:46:59","slug":"le-pole-evaas-participe-au-1er-forum-du-frogh-france-one-and-global-health-a-lacademie-de-loms-a-lyon","status":"publish","type":"post","link":"http:\/\/evaas.vetagro-sup.fr\/index.php\/2025\/11\/13\/le-pole-evaas-participe-au-1er-forum-du-frogh-france-one-and-global-health-a-lacademie-de-loms-a-lyon\/","title":{"rendered":"Le P\u00f4le EVAAS participe au 1er forum du FrOGH &#8211; France One and Global Health, \u00e0 l\u2019Acad\u00e9mie de l\u2019OMS \u00e0 Lyon"},"content":{"rendered":"\t\t<div data-elementor-type=\"wp-post\" data-elementor-id=\"3287\" class=\"elementor elementor-3287\">\n\t\t\t\t\t\t<section class=\"elementor-section elementor-top-section elementor-element elementor-element-a6d45c8 elementor-section-boxed elementor-section-height-default elementor-section-height-default reptro-section-padding-large\" data-id=\"a6d45c8\" data-element_type=\"section\" data-e-type=\"section\">\n\t\t\t\t\t\t<div class=\"elementor-container elementor-column-gap-default\">\n\t\t\t\t\t<div class=\"elementor-column elementor-col-100 elementor-top-column elementor-element elementor-element-aa15c2d\" data-id=\"aa15c2d\" data-element_type=\"column\" data-e-type=\"column\">\n\t\t\t<div class=\"elementor-widget-wrap elementor-element-populated\">\n\t\t\t\t\t\t<div class=\"elementor-element elementor-element-331f41b elementor-widget elementor-widget-text-editor\" data-id=\"331f41b\" data-element_type=\"widget\" data-e-type=\"widget\" data-widget_type=\"text-editor.default\">\n\t\t\t\t<div class=\"elementor-widget-container\">\n\t\t\t\t\t\t\t\t\t<p><strong>Vendredi 3 octobre dernier, le P\u00f4le EVAAS a particip\u00e9 au 1er forum du FrOGH (France One and Global Health), qui s&rsquo;est d\u00e9roul\u00e9 \u00e0 l\u2019Acad\u00e9mie de l\u2019OMS \u00e0 Lyon.<\/strong> Plusieurs membres du p\u00f4le ont pu pr\u00e9senter leurs travaux, dans l&rsquo;objectif de renforcer les liens interdisciplinaires en France et de promouvoir une approche \u00ab\u00a0une seule sant\u00e9\u00a0\u00bb.\u00a0<\/p><p><img fetchpriority=\"high\" decoding=\"async\" class=\"aligncenter size-medium wp-image-3295\" src=\"http:\/\/evaas.vetagro-sup.fr\/wp-content\/uploads\/2025\/11\/FA-presentation-FrOGH-1-3-300x188.png\" alt=\"Florence Ayral FrOGH\" width=\"300\" height=\"188\" srcset=\"http:\/\/evaas.vetagro-sup.fr\/wp-content\/uploads\/2025\/11\/FA-presentation-FrOGH-1-3-300x188.png 300w, http:\/\/evaas.vetagro-sup.fr\/wp-content\/uploads\/2025\/11\/FA-presentation-FrOGH-1-3-1024x643.png 1024w, http:\/\/evaas.vetagro-sup.fr\/wp-content\/uploads\/2025\/11\/FA-presentation-FrOGH-1-3-768x482.png 768w, http:\/\/evaas.vetagro-sup.fr\/wp-content\/uploads\/2025\/11\/FA-presentation-FrOGH-1-3.png 1278w\" sizes=\"(max-width: 300px) 100vw, 300px\" \/><\/p><p><strong>Florence Ayral<\/strong> a notamment pu aborder <strong>l&rsquo;internationalisation de la fresque One Health<\/strong>, un atelier ludique et collaboratif pour comprendre les interactions entre les sant\u00e9s humaine, animale, v\u00e9g\u00e9tale et les \u00e9cosyst\u00e8mes.<\/p><p><img decoding=\"async\" class=\"aligncenter size-medium wp-image-3293\" src=\"http:\/\/evaas.vetagro-sup.fr\/wp-content\/uploads\/2025\/11\/20251003_142621-225x300.jpg\" alt=\"Nathan Thenon FrOGH\" width=\"225\" height=\"300\" srcset=\"http:\/\/evaas.vetagro-sup.fr\/wp-content\/uploads\/2025\/11\/20251003_142621-225x300.jpg 225w, http:\/\/evaas.vetagro-sup.fr\/wp-content\/uploads\/2025\/11\/20251003_142621-768x1024.jpg 768w, http:\/\/evaas.vetagro-sup.fr\/wp-content\/uploads\/2025\/11\/20251003_142621-1152x1536.jpg 1152w, http:\/\/evaas.vetagro-sup.fr\/wp-content\/uploads\/2025\/11\/20251003_142621-rotated.jpg 1530w\" sizes=\"(max-width: 225px) 100vw, 225px\" \/><\/p><p><strong>Nathan Thenon<\/strong> a eu l&rsquo;occasion pour sa part de <strong>pr\u00e9senter la d\u00e9marche du projet Priorit\u00e9 Sant\u00e9 Faune<\/strong>, un outil concret pour mettre en pratique sur le terrain une approche \u00ab\u00a0une seule sant\u00e9\u00a0\u00bb. Il permet notamment la hi\u00e9rarchisation des maladies infectieuses et parasitaires et la priorisation des strat\u00e9gies sanitaires \u00e0 mener pour un territoire donn\u00e9.<\/p><p><img decoding=\"async\" class=\"aligncenter size-medium wp-image-3292\" src=\"http:\/\/evaas.vetagro-sup.fr\/wp-content\/uploads\/2025\/11\/20251003_114553-225x300.jpg\" alt=\"Alexis Peutot\" width=\"225\" height=\"300\" srcset=\"http:\/\/evaas.vetagro-sup.fr\/wp-content\/uploads\/2025\/11\/20251003_114553-225x300.jpg 225w, http:\/\/evaas.vetagro-sup.fr\/wp-content\/uploads\/2025\/11\/20251003_114553-768x1024.jpg 768w, http:\/\/evaas.vetagro-sup.fr\/wp-content\/uploads\/2025\/11\/20251003_114553-1152x1536.jpg 1152w, http:\/\/evaas.vetagro-sup.fr\/wp-content\/uploads\/2025\/11\/20251003_114553-1536x2048.jpg 1536w, http:\/\/evaas.vetagro-sup.fr\/wp-content\/uploads\/2025\/11\/20251003_114553-scaled.jpg 1920w\" sizes=\"(max-width: 225px) 100vw, 225px\" \/><\/p><p>D&rsquo;autres personnes de VetAgro Sup ont pu pr\u00e9senter leurs travaux, notamment <strong>Alexis Peutot<\/strong>, qui a d\u00e9crit une <strong>approche multisectorielle locale pour l\u2019\u00e9co-\u00e9pid\u00e9miologie des zoonoses<\/strong>, via l&rsquo;exemple de la leptospirose dans un syst\u00e8me fluvial fran\u00e7ais.<\/p><p>Le P\u00f4le EVAAS tient aussi \u00e0 remercier <strong>C\u00e9dric Colmar, directeur des relations partenariales, internationales et europ\u00e9ennes \u00e0 VetAgro Sup et vice-pr\u00e9sident du FrOGH,<\/strong> qui a contribu\u00e9 \u00e0 la r\u00e9ussite de la premi\u00e8re \u00e9dition de ce forum.<\/p>\t\t\t\t\t\t\t\t<\/div>\n\t\t\t\t<\/div>\n\t\t\t\t\t<\/div>\n\t\t<\/div>\n\t\t\t\t\t<\/div>\n\t\t<\/section>\n\t\t\t\t<\/div>\n\t\t","protected":false},"excerpt":{"rendered":"<p>Vendredi 3 octobre dernier, le P\u00f4le EVAAS a particip\u00e9 au 1er forum du FrOGH (France One and Global Health), qui s&rsquo;est d\u00e9roul\u00e9 \u00e0 l\u2019Acad\u00e9mie de l\u2019OMS \u00e0 Lyon. Plusieurs membres du p\u00f4le ont pu pr\u00e9senter leurs travaux, dans l&rsquo;objectif de renforcer les liens interdisciplinaires en France et de promouvoir une approche \u00ab\u00a0une seule sant\u00e9\u00a0\u00bb.\u00a0 Florence&#8230;<\/p>\n","protected":false},"author":1,"featured_media":3296,"comment_status":"open","ping_status":"open","sticky":false,"template":"","format":"standard","meta":{"_monsterinsights_skip_tracking":false,"_uf_show_specific_survey":0,"_uf_disable_surveys":false,"footnotes":""},"categories":[19],"tags":[60,47,39,48],"class_list":["post-3287","post","type-post","status-publish","format-standard","has-post-thumbnail","hentry","category-evenements","tag-florence-ayral","tag-nathan-thenon","tag-one-health","tag-priorite-sante-faune"],"_links":{"self":[{"href":"http:\/\/evaas.vetagro-sup.fr\/index.php\/wp-json\/wp\/v2\/posts\/3287","targetHints":{"allow":["GET"]}}],"collection":[{"href":"http:\/\/evaas.vetagro-sup.fr\/index.php\/wp-json\/wp\/v2\/posts"}],"about":[{"href":"http:\/\/evaas.vetagro-sup.fr\/index.php\/wp-json\/wp\/v2\/types\/post"}],"author":[{"embeddable":true,"href":"http:\/\/evaas.vetagro-sup.fr\/index.php\/wp-json\/wp\/v2\/users\/1"}],"replies":[{"embeddable":true,"href":"http:\/\/evaas.vetagro-sup.fr\/index.php\/wp-json\/wp\/v2\/comments?post=3287"}],"version-history":[{"count":11,"href":"http:\/\/evaas.vetagro-sup.fr\/index.php\/wp-json\/wp\/v2\/posts\/3287\/revisions"}],"predecessor-version":[{"id":3304,"href":"http:\/\/evaas.vetagro-sup.fr\/index.php\/wp-json\/wp\/v2\/posts\/3287\/revisions\/3304"}],"wp:featuredmedia":[{"embeddable":true,"href":"http:\/\/evaas.vetagro-sup.fr\/index.php\/wp-json\/wp\/v2\/media\/3296"}],"wp:attachment":[{"href":"http:\/\/evaas.vetagro-sup.fr\/index.php\/wp-json\/wp\/v2\/media?parent=3287"}],"wp:term":[{"taxonomy":"category","embeddable":true,"href":"http:\/\/evaas.vetagro-sup.fr\/index.php\/wp-json\/wp\/v2\/categories?post=3287"},{"taxonomy":"post_tag","embeddable":true,"href":"http:\/\/evaas.vetagro-sup.fr\/index.php\/wp-json\/wp\/v2\/tags?post=3287"}],"curies":[{"name":"wp","href":"https:\/\/api.w.org\/{rel}","templated":true}]}}