{"id":2859,"date":"2024-08-05T16:16:26","date_gmt":"2024-08-05T14:16:26","guid":{"rendered":"http:\/\/evaas.vetagro-sup.fr\/?p=2859"},"modified":"2025-02-19T09:22:31","modified_gmt":"2025-02-19T08:22:31","slug":"participation-aux-journees-scientifiques-de-laeema-2024","status":"publish","type":"post","link":"http:\/\/evaas.vetagro-sup.fr\/index.php\/2024\/08\/05\/participation-aux-journees-scientifiques-de-laeema-2024\/","title":{"rendered":"Participation aux journ\u00e9es scientifiques de l&rsquo;AEEMA 2024"},"content":{"rendered":"\t\t<div data-elementor-type=\"wp-post\" data-elementor-id=\"2859\" class=\"elementor elementor-2859\">\n\t\t\t\t\t\t<section class=\"elementor-section elementor-top-section elementor-element elementor-element-ec60a71 elementor-section-boxed elementor-section-height-default elementor-section-height-default reptro-section-padding-large\" data-id=\"ec60a71\" data-element_type=\"section\" data-e-type=\"section\">\n\t\t\t\t\t\t<div class=\"elementor-container elementor-column-gap-default\">\n\t\t\t\t\t<div class=\"elementor-column elementor-col-100 elementor-top-column elementor-element elementor-element-f51d141\" data-id=\"f51d141\" data-element_type=\"column\" data-e-type=\"column\">\n\t\t\t<div class=\"elementor-widget-wrap elementor-element-populated\">\n\t\t\t\t\t\t<div class=\"elementor-element elementor-element-0eab210 elementor-widget elementor-widget-text-editor\" data-id=\"0eab210\" data-element_type=\"widget\" data-e-type=\"widget\" data-widget_type=\"text-editor.default\">\n\t\t\t\t<div class=\"elementor-widget-container\">\n\t\t\t\t\t\t\t\t\t<p>Le 6 et 7 juin 2024, <strong>des membres du p\u00f4le EVAAS ont pu participer aux journ\u00e9es scientifiques de l&rsquo;Association pour l&rsquo;\u00c9tude de l&rsquo;\u00c9pid\u00e9miologie des Maladies Animales<\/strong> (AEEMA), qui se sont tenues \u00e0 Maisons-Alfort et <strong>qui traitaient cette ann\u00e9e des risques infectieux li\u00e9s \u00e0 la faune sauvage et aux modalit\u00e9s de gestion.<\/strong><\/p><p>Durant cette rencontre, <strong>Nathan Thenon a pu pr\u00e9senter Priorit\u00e9 Sant\u00e9 Faune et les avanc\u00e9es dans l\u2019\u00e9laboration de cet outil et de la m\u00e9thode associ\u00e9e<\/strong>, permettant de prioriser les enjeux pour l\u2019\u00e9pid\u00e9miosurveillance dans la faune sauvage.\u00a0<\/p><p><strong>Emmanuelle Gilot-Fromont, membre du conseil d\u2019administration de l\u2019AEEMA, <\/strong>a quant \u00e0 elle pu pr\u00e9senter le<strong> r\u00e9sultat du groupe de travail de l\u2019Anses traitant de l\u2019\u00e9valuation des impacts sur la sant\u00e9 publique de la dynamique des populations de renards.<\/strong><\/p>\t\t\t\t\t\t\t\t<\/div>\n\t\t\t\t<\/div>\n\t\t\t\t\t<\/div>\n\t\t<\/div>\n\t\t\t\t\t<\/div>\n\t\t<\/section>\n\t\t\t\t<\/div>\n\t\t","protected":false},"excerpt":{"rendered":"<p>Le 6 et 7 juin 2024, des membres du p\u00f4le EVAAS ont pu participer aux journ\u00e9es scientifiques de l&rsquo;Association pour l&rsquo;\u00c9tude de l&rsquo;\u00c9pid\u00e9miologie des Maladies Animales (AEEMA), qui se sont tenues \u00e0 Maisons-Alfort et qui traitaient cette ann\u00e9e des risques infectieux li\u00e9s \u00e0 la faune sauvage et aux modalit\u00e9s de gestion.<\/p>\n","protected":false},"author":1,"featured_media":2869,"comment_status":"open","ping_status":"open","sticky":false,"template":"","format":"standard","meta":{"_monsterinsights_skip_tracking":false,"_monsterinsights_sitenote_active":false,"_monsterinsights_sitenote_note":"","_monsterinsights_sitenote_category":0,"_uf_show_specific_survey":0,"_uf_disable_surveys":false,"footnotes":""},"categories":[19],"tags":[40,47,48,36],"class_list":["post-2859","post","type-post","status-publish","format-standard","has-post-thumbnail","hentry","category-evenements","tag-emmanuelle-gilot","tag-nathan-thenon","tag-priorite-sante-faune","tag-valorisation-scientifique"],"yoast_head":"<!-- This site is optimized with the Yoast SEO plugin v27.5 - https:\/\/yoast.com\/product\/yoast-seo-wordpress\/ -->\n<title>Participation aux journ\u00e9es scientifiques de l&#039;AEEMA 2024 - EVAAS<\/title>\n<meta name=\"description\" content=\"Le 6 et 7 juin 2024, des membres du p\u00f4le EVAAS ont pu participer aux journ\u00e9es scientifiques de l&#039;Association pour l&#039;\u00c9tude de l&#039;\u00c9pid\u00e9miologie des Maladies Animales (AEEMA), qui se sont tenues \u00e0 Maisons-Alfort et qui traitaient cette ann\u00e9e des risques infectieux li\u00e9s \u00e0 la faune sauvage et aux modalit\u00e9s de gestion.\" \/>\n<meta name=\"robots\" content=\"index, follow, max-snippet:-1, max-image-preview:large, max-video-preview:-1\" \/>\n<link rel=\"canonical\" href=\"http:\/\/evaas.vetagro-sup.fr\/index.php\/2024\/08\/05\/participation-aux-journees-scientifiques-de-laeema-2024\/\" \/>\n<meta property=\"og:locale\" content=\"fr_FR\" \/>\n<meta property=\"og:type\" content=\"article\" \/>\n<meta property=\"og:title\" content=\"Participation aux journ\u00e9es scientifiques de l&#039;AEEMA 2024 - EVAAS\" \/>\n<meta property=\"og:description\" content=\"Le 6 et 7 juin 2024, des membres du p\u00f4le EVAAS ont pu participer aux journ\u00e9es scientifiques de l&#039;Association pour l&#039;\u00c9tude de l&#039;\u00c9pid\u00e9miologie des Maladies Animales (AEEMA), qui se sont tenues \u00e0 Maisons-Alfort et qui traitaient cette ann\u00e9e des risques infectieux li\u00e9s \u00e0 la faune sauvage et aux modalit\u00e9s de gestion.\" \/>\n<meta property=\"og:url\" content=\"http:\/\/evaas.vetagro-sup.fr\/index.php\/2024\/08\/05\/participation-aux-journees-scientifiques-de-laeema-2024\/\" \/>\n<meta property=\"og:site_name\" content=\"EVAAS\" \/>\n<meta property=\"article:published_time\" content=\"2024-08-05T14:16:26+00:00\" \/>\n<meta property=\"article:modified_time\" content=\"2025-02-19T08:22:31+00:00\" \/>\n<meta property=\"og:image\" content=\"http:\/\/evaas.vetagro-sup.fr\/wp-content\/uploads\/2024\/08\/Photo-AEEMA-2024-2.jpeg\" \/>\n\t<meta property=\"og:image:width\" content=\"1593\" \/>\n\t<meta property=\"og:image:height\" content=\"923\" \/>\n\t<meta property=\"og:image:type\" content=\"image\/jpeg\" \/>\n<meta name=\"author\" content=\"evaas-admin\" \/>\n<meta name=\"twitter:card\" content=\"summary_large_image\" \/>\n<meta name=\"twitter:label1\" content=\"\u00c9crit par\" \/>\n\t<meta name=\"twitter:data1\" content=\"evaas-admin\" \/>\n\t<meta name=\"twitter:label2\" content=\"Dur\u00e9e de lecture estim\u00e9e\" \/>\n\t<meta name=\"twitter:data2\" content=\"1 minute\" \/>\n<script type=\"application\/ld+json\" class=\"yoast-schema-graph\">{\"@context\":\"https:\\\/\\\/schema.org\",\"@graph\":[{\"@type\":\"Article\",\"@id\":\"http:\\\/\\\/evaas.vetagro-sup.fr\\\/index.php\\\/2024\\\/08\\\/05\\\/participation-aux-journees-scientifiques-de-laeema-2024\\\/#article\",\"isPartOf\":{\"@id\":\"http:\\\/\\\/evaas.vetagro-sup.fr\\\/index.php\\\/2024\\\/08\\\/05\\\/participation-aux-journees-scientifiques-de-laeema-2024\\\/\"},\"author\":{\"name\":\"evaas-admin\",\"@id\":\"http:\\\/\\\/evaas.vetagro-sup.fr\\\/#\\\/schema\\\/person\\\/39f69ac7780ac371f9ef27b9d4d91507\"},\"headline\":\"Participation aux journ\u00e9es scientifiques de l&rsquo;AEEMA 2024\",\"datePublished\":\"2024-08-05T14:16:26+00:00\",\"dateModified\":\"2025-02-19T08:22:31+00:00\",\"mainEntityOfPage\":{\"@id\":\"http:\\\/\\\/evaas.vetagro-sup.fr\\\/index.php\\\/2024\\\/08\\\/05\\\/participation-aux-journees-scientifiques-de-laeema-2024\\\/\"},\"wordCount\":148,\"commentCount\":0,\"publisher\":{\"@id\":\"http:\\\/\\\/evaas.vetagro-sup.fr\\\/#organization\"},\"image\":{\"@id\":\"http:\\\/\\\/evaas.vetagro-sup.fr\\\/index.php\\\/2024\\\/08\\\/05\\\/participation-aux-journees-scientifiques-de-laeema-2024\\\/#primaryimage\"},\"thumbnailUrl\":\"http:\\\/\\\/evaas.vetagro-sup.fr\\\/wp-content\\\/uploads\\\/2024\\\/08\\\/Photo-AEEMA-2024-2.jpeg\",\"keywords\":[\"Emmanuelle Gilot\",\"Nathan Thenon\",\"Priorit\u00e9 Sant\u00e9 Faune\",\"Valorisation scientifique\"],\"articleSection\":[\"Ev\u00e8nements\"],\"inLanguage\":\"fr-FR\",\"potentialAction\":[{\"@type\":\"CommentAction\",\"name\":\"Comment\",\"target\":[\"http:\\\/\\\/evaas.vetagro-sup.fr\\\/index.php\\\/2024\\\/08\\\/05\\\/participation-aux-journees-scientifiques-de-laeema-2024\\\/#respond\"]}]},{\"@type\":\"WebPage\",\"@id\":\"http:\\\/\\\/evaas.vetagro-sup.fr\\\/index.php\\\/2024\\\/08\\\/05\\\/participation-aux-journees-scientifiques-de-laeema-2024\\\/\",\"url\":\"http:\\\/\\\/evaas.vetagro-sup.fr\\\/index.php\\\/2024\\\/08\\\/05\\\/participation-aux-journees-scientifiques-de-laeema-2024\\\/\",\"name\":\"Participation aux journ\u00e9es scientifiques de l'AEEMA 2024 - EVAAS\",\"isPartOf\":{\"@id\":\"http:\\\/\\\/evaas.vetagro-sup.fr\\\/#website\"},\"primaryImageOfPage\":{\"@id\":\"http:\\\/\\\/evaas.vetagro-sup.fr\\\/index.php\\\/2024\\\/08\\\/05\\\/participation-aux-journees-scientifiques-de-laeema-2024\\\/#primaryimage\"},\"image\":{\"@id\":\"http:\\\/\\\/evaas.vetagro-sup.fr\\\/index.php\\\/2024\\\/08\\\/05\\\/participation-aux-journees-scientifiques-de-laeema-2024\\\/#primaryimage\"},\"thumbnailUrl\":\"http:\\\/\\\/evaas.vetagro-sup.fr\\\/wp-content\\\/uploads\\\/2024\\\/08\\\/Photo-AEEMA-2024-2.jpeg\",\"datePublished\":\"2024-08-05T14:16:26+00:00\",\"dateModified\":\"2025-02-19T08:22:31+00:00\",\"description\":\"Le 6 et 7 juin 2024, des membres du p\u00f4le EVAAS ont pu participer aux journ\u00e9es scientifiques de l'Association pour l'\u00c9tude de l'\u00c9pid\u00e9miologie des Maladies Animales (AEEMA), qui se sont tenues \u00e0 Maisons-Alfort et qui traitaient cette ann\u00e9e des risques infectieux li\u00e9s \u00e0 la faune sauvage et aux modalit\u00e9s de gestion.\",\"breadcrumb\":{\"@id\":\"http:\\\/\\\/evaas.vetagro-sup.fr\\\/index.php\\\/2024\\\/08\\\/05\\\/participation-aux-journees-scientifiques-de-laeema-2024\\\/#breadcrumb\"},\"inLanguage\":\"fr-FR\",\"potentialAction\":[{\"@type\":\"ReadAction\",\"target\":[\"http:\\\/\\\/evaas.vetagro-sup.fr\\\/index.php\\\/2024\\\/08\\\/05\\\/participation-aux-journees-scientifiques-de-laeema-2024\\\/\"]}]},{\"@type\":\"ImageObject\",\"inLanguage\":\"fr-FR\",\"@id\":\"http:\\\/\\\/evaas.vetagro-sup.fr\\\/index.php\\\/2024\\\/08\\\/05\\\/participation-aux-journees-scientifiques-de-laeema-2024\\\/#primaryimage\",\"url\":\"http:\\\/\\\/evaas.vetagro-sup.fr\\\/wp-content\\\/uploads\\\/2024\\\/08\\\/Photo-AEEMA-2024-2.jpeg\",\"contentUrl\":\"http:\\\/\\\/evaas.vetagro-sup.fr\\\/wp-content\\\/uploads\\\/2024\\\/08\\\/Photo-AEEMA-2024-2.jpeg\",\"width\":1593,\"height\":923,\"caption\":\"Journ\u00e9es scientifiques 2024 de l'AEEMA\"},{\"@type\":\"BreadcrumbList\",\"@id\":\"http:\\\/\\\/evaas.vetagro-sup.fr\\\/index.php\\\/2024\\\/08\\\/05\\\/participation-aux-journees-scientifiques-de-laeema-2024\\\/#breadcrumb\",\"itemListElement\":[{\"@type\":\"ListItem\",\"position\":1,\"name\":\"Accueil\",\"item\":\"http:\\\/\\\/evaas.vetagro-sup.fr\\\/\"},{\"@type\":\"ListItem\",\"position\":2,\"name\":\"Participation aux journ\u00e9es scientifiques de l&rsquo;AEEMA 2024\"}]},{\"@type\":\"WebSite\",\"@id\":\"http:\\\/\\\/evaas.vetagro-sup.fr\\\/#website\",\"url\":\"http:\\\/\\\/evaas.vetagro-sup.fr\\\/\",\"name\":\"EVAAS\",\"description\":\"Expertise scientifique collective multidisciplinaire en sant\u00e9 de la faune sauvage\",\"publisher\":{\"@id\":\"http:\\\/\\\/evaas.vetagro-sup.fr\\\/#organization\"},\"potentialAction\":[{\"@type\":\"SearchAction\",\"target\":{\"@type\":\"EntryPoint\",\"urlTemplate\":\"http:\\\/\\\/evaas.vetagro-sup.fr\\\/?s={search_term_string}\"},\"query-input\":{\"@type\":\"PropertyValueSpecification\",\"valueRequired\":true,\"valueName\":\"search_term_string\"}}],\"inLanguage\":\"fr-FR\"},{\"@type\":\"Organization\",\"@id\":\"http:\\\/\\\/evaas.vetagro-sup.fr\\\/#organization\",\"name\":\"P\u00f4le EVAAS\",\"url\":\"http:\\\/\\\/evaas.vetagro-sup.fr\\\/\",\"logo\":{\"@type\":\"ImageObject\",\"inLanguage\":\"fr-FR\",\"@id\":\"http:\\\/\\\/evaas.vetagro-sup.fr\\\/#\\\/schema\\\/logo\\\/image\\\/\",\"url\":\"http:\\\/\\\/evaas.vetagro-sup.fr\\\/wp-content\\\/uploads\\\/2018\\\/10\\\/logo_EVAAS_ecran_sans_fond-e1539174118936.png\",\"contentUrl\":\"http:\\\/\\\/evaas.vetagro-sup.fr\\\/wp-content\\\/uploads\\\/2018\\\/10\\\/logo_EVAAS_ecran_sans_fond-e1539174118936.png\",\"width\":387,\"height\":150,\"caption\":\"P\u00f4le EVAAS\"},\"image\":{\"@id\":\"http:\\\/\\\/evaas.vetagro-sup.fr\\\/#\\\/schema\\\/logo\\\/image\\\/\"}},{\"@type\":\"Person\",\"@id\":\"http:\\\/\\\/evaas.vetagro-sup.fr\\\/#\\\/schema\\\/person\\\/39f69ac7780ac371f9ef27b9d4d91507\",\"name\":\"evaas-admin\",\"image\":{\"@type\":\"ImageObject\",\"inLanguage\":\"fr-FR\",\"@id\":\"https:\\\/\\\/secure.gravatar.com\\\/avatar\\\/be92b5b6d77942219df2ecf66ba3207feb2e7c5d543d0411293de093ed0c1dd3?s=96&d=mm&r=g\",\"url\":\"https:\\\/\\\/secure.gravatar.com\\\/avatar\\\/be92b5b6d77942219df2ecf66ba3207feb2e7c5d543d0411293de093ed0c1dd3?s=96&d=mm&r=g\",\"contentUrl\":\"https:\\\/\\\/secure.gravatar.com\\\/avatar\\\/be92b5b6d77942219df2ecf66ba3207feb2e7c5d543d0411293de093ed0c1dd3?s=96&d=mm&r=g\",\"caption\":\"evaas-admin\"},\"url\":\"http:\\\/\\\/evaas.vetagro-sup.fr\\\/index.php\\\/author\\\/evaas-admin\\\/\"}]}<\/script>\n<!-- \/ Yoast SEO plugin. -->","yoast_head_json":{"title":"Participation aux journ\u00e9es scientifiques de l'AEEMA 2024 - EVAAS","description":"Le 6 et 7 juin 2024, des membres du p\u00f4le EVAAS ont pu participer aux journ\u00e9es scientifiques de l'Association pour l'\u00c9tude de l'\u00c9pid\u00e9miologie des Maladies Animales (AEEMA), qui se sont tenues \u00e0 Maisons-Alfort et qui traitaient cette ann\u00e9e des risques infectieux li\u00e9s \u00e0 la faune sauvage et aux modalit\u00e9s de gestion.","robots":{"index":"index","follow":"follow","max-snippet":"max-snippet:-1","max-image-preview":"max-image-preview:large","max-video-preview":"max-video-preview:-1"},"canonical":"http:\/\/evaas.vetagro-sup.fr\/index.php\/2024\/08\/05\/participation-aux-journees-scientifiques-de-laeema-2024\/","og_locale":"fr_FR","og_type":"article","og_title":"Participation aux journ\u00e9es scientifiques de l'AEEMA 2024 - EVAAS","og_description":"Le 6 et 7 juin 2024, des membres du p\u00f4le EVAAS ont pu participer aux journ\u00e9es scientifiques de l'Association pour l'\u00c9tude de l'\u00c9pid\u00e9miologie des Maladies Animales (AEEMA), qui se sont tenues \u00e0 Maisons-Alfort et qui traitaient cette ann\u00e9e des risques infectieux li\u00e9s \u00e0 la faune sauvage et aux modalit\u00e9s de gestion.","og_url":"http:\/\/evaas.vetagro-sup.fr\/index.php\/2024\/08\/05\/participation-aux-journees-scientifiques-de-laeema-2024\/","og_site_name":"EVAAS","article_published_time":"2024-08-05T14:16:26+00:00","article_modified_time":"2025-02-19T08:22:31+00:00","og_image":[{"width":1593,"height":923,"url":"http:\/\/evaas.vetagro-sup.fr\/wp-content\/uploads\/2024\/08\/Photo-AEEMA-2024-2.jpeg","type":"image\/jpeg"}],"author":"evaas-admin","twitter_card":"summary_large_image","twitter_misc":{"\u00c9crit par":"evaas-admin","Dur\u00e9e de lecture estim\u00e9e":"1 minute"},"schema":{"@context":"https:\/\/schema.org","@graph":[{"@type":"Article","@id":"http:\/\/evaas.vetagro-sup.fr\/index.php\/2024\/08\/05\/participation-aux-journees-scientifiques-de-laeema-2024\/#article","isPartOf":{"@id":"http:\/\/evaas.vetagro-sup.fr\/index.php\/2024\/08\/05\/participation-aux-journees-scientifiques-de-laeema-2024\/"},"author":{"name":"evaas-admin","@id":"http:\/\/evaas.vetagro-sup.fr\/#\/schema\/person\/39f69ac7780ac371f9ef27b9d4d91507"},"headline":"Participation aux journ\u00e9es scientifiques de l&rsquo;AEEMA 2024","datePublished":"2024-08-05T14:16:26+00:00","dateModified":"2025-02-19T08:22:31+00:00","mainEntityOfPage":{"@id":"http:\/\/evaas.vetagro-sup.fr\/index.php\/2024\/08\/05\/participation-aux-journees-scientifiques-de-laeema-2024\/"},"wordCount":148,"commentCount":0,"publisher":{"@id":"http:\/\/evaas.vetagro-sup.fr\/#organization"},"image":{"@id":"http:\/\/evaas.vetagro-sup.fr\/index.php\/2024\/08\/05\/participation-aux-journees-scientifiques-de-laeema-2024\/#primaryimage"},"thumbnailUrl":"http:\/\/evaas.vetagro-sup.fr\/wp-content\/uploads\/2024\/08\/Photo-AEEMA-2024-2.jpeg","keywords":["Emmanuelle Gilot","Nathan Thenon","Priorit\u00e9 Sant\u00e9 Faune","Valorisation scientifique"],"articleSection":["Ev\u00e8nements"],"inLanguage":"fr-FR","potentialAction":[{"@type":"CommentAction","name":"Comment","target":["http:\/\/evaas.vetagro-sup.fr\/index.php\/2024\/08\/05\/participation-aux-journees-scientifiques-de-laeema-2024\/#respond"]}]},{"@type":"WebPage","@id":"http:\/\/evaas.vetagro-sup.fr\/index.php\/2024\/08\/05\/participation-aux-journees-scientifiques-de-laeema-2024\/","url":"http:\/\/evaas.vetagro-sup.fr\/index.php\/2024\/08\/05\/participation-aux-journees-scientifiques-de-laeema-2024\/","name":"Participation aux journ\u00e9es scientifiques de l'AEEMA 2024 - EVAAS","isPartOf":{"@id":"http:\/\/evaas.vetagro-sup.fr\/#website"},"primaryImageOfPage":{"@id":"http:\/\/evaas.vetagro-sup.fr\/index.php\/2024\/08\/05\/participation-aux-journees-scientifiques-de-laeema-2024\/#primaryimage"},"image":{"@id":"http:\/\/evaas.vetagro-sup.fr\/index.php\/2024\/08\/05\/participation-aux-journees-scientifiques-de-laeema-2024\/#primaryimage"},"thumbnailUrl":"http:\/\/evaas.vetagro-sup.fr\/wp-content\/uploads\/2024\/08\/Photo-AEEMA-2024-2.jpeg","datePublished":"2024-08-05T14:16:26+00:00","dateModified":"2025-02-19T08:22:31+00:00","description":"Le 6 et 7 juin 2024, des membres du p\u00f4le EVAAS ont pu participer aux journ\u00e9es scientifiques de l'Association pour l'\u00c9tude de l'\u00c9pid\u00e9miologie des Maladies Animales (AEEMA), qui se sont tenues \u00e0 Maisons-Alfort et qui traitaient cette ann\u00e9e des risques infectieux li\u00e9s \u00e0 la faune sauvage et aux modalit\u00e9s de gestion.","breadcrumb":{"@id":"http:\/\/evaas.vetagro-sup.fr\/index.php\/2024\/08\/05\/participation-aux-journees-scientifiques-de-laeema-2024\/#breadcrumb"},"inLanguage":"fr-FR","potentialAction":[{"@type":"ReadAction","target":["http:\/\/evaas.vetagro-sup.fr\/index.php\/2024\/08\/05\/participation-aux-journees-scientifiques-de-laeema-2024\/"]}]},{"@type":"ImageObject","inLanguage":"fr-FR","@id":"http:\/\/evaas.vetagro-sup.fr\/index.php\/2024\/08\/05\/participation-aux-journees-scientifiques-de-laeema-2024\/#primaryimage","url":"http:\/\/evaas.vetagro-sup.fr\/wp-content\/uploads\/2024\/08\/Photo-AEEMA-2024-2.jpeg","contentUrl":"http:\/\/evaas.vetagro-sup.fr\/wp-content\/uploads\/2024\/08\/Photo-AEEMA-2024-2.jpeg","width":1593,"height":923,"caption":"Journ\u00e9es scientifiques 2024 de l'AEEMA"},{"@type":"BreadcrumbList","@id":"http:\/\/evaas.vetagro-sup.fr\/index.php\/2024\/08\/05\/participation-aux-journees-scientifiques-de-laeema-2024\/#breadcrumb","itemListElement":[{"@type":"ListItem","position":1,"name":"Accueil","item":"http:\/\/evaas.vetagro-sup.fr\/"},{"@type":"ListItem","position":2,"name":"Participation aux journ\u00e9es scientifiques de l&rsquo;AEEMA 2024"}]},{"@type":"WebSite","@id":"http:\/\/evaas.vetagro-sup.fr\/#website","url":"http:\/\/evaas.vetagro-sup.fr\/","name":"EVAAS","description":"Expertise scientifique collective multidisciplinaire en sant\u00e9 de la faune sauvage","publisher":{"@id":"http:\/\/evaas.vetagro-sup.fr\/#organization"},"potentialAction":[{"@type":"SearchAction","target":{"@type":"EntryPoint","urlTemplate":"http:\/\/evaas.vetagro-sup.fr\/?s={search_term_string}"},"query-input":{"@type":"PropertyValueSpecification","valueRequired":true,"valueName":"search_term_string"}}],"inLanguage":"fr-FR"},{"@type":"Organization","@id":"http:\/\/evaas.vetagro-sup.fr\/#organization","name":"P\u00f4le EVAAS","url":"http:\/\/evaas.vetagro-sup.fr\/","logo":{"@type":"ImageObject","inLanguage":"fr-FR","@id":"http:\/\/evaas.vetagro-sup.fr\/#\/schema\/logo\/image\/","url":"http:\/\/evaas.vetagro-sup.fr\/wp-content\/uploads\/2018\/10\/logo_EVAAS_ecran_sans_fond-e1539174118936.png","contentUrl":"http:\/\/evaas.vetagro-sup.fr\/wp-content\/uploads\/2018\/10\/logo_EVAAS_ecran_sans_fond-e1539174118936.png","width":387,"height":150,"caption":"P\u00f4le EVAAS"},"image":{"@id":"http:\/\/evaas.vetagro-sup.fr\/#\/schema\/logo\/image\/"}},{"@type":"Person","@id":"http:\/\/evaas.vetagro-sup.fr\/#\/schema\/person\/39f69ac7780ac371f9ef27b9d4d91507","name":"evaas-admin","image":{"@type":"ImageObject","inLanguage":"fr-FR","@id":"https:\/\/secure.gravatar.com\/avatar\/be92b5b6d77942219df2ecf66ba3207feb2e7c5d543d0411293de093ed0c1dd3?s=96&d=mm&r=g","url":"https:\/\/secure.gravatar.com\/avatar\/be92b5b6d77942219df2ecf66ba3207feb2e7c5d543d0411293de093ed0c1dd3?s=96&d=mm&r=g","contentUrl":"https:\/\/secure.gravatar.com\/avatar\/be92b5b6d77942219df2ecf66ba3207feb2e7c5d543d0411293de093ed0c1dd3?s=96&d=mm&r=g","caption":"evaas-admin"},"url":"http:\/\/evaas.vetagro-sup.fr\/index.php\/author\/evaas-admin\/"}]}},"_links":{"self":[{"href":"http:\/\/evaas.vetagro-sup.fr\/index.php\/wp-json\/wp\/v2\/posts\/2859","targetHints":{"allow":["GET"]}}],"collection":[{"href":"http:\/\/evaas.vetagro-sup.fr\/index.php\/wp-json\/wp\/v2\/posts"}],"about":[{"href":"http:\/\/evaas.vetagro-sup.fr\/index.php\/wp-json\/wp\/v2\/types\/post"}],"author":[{"embeddable":true,"href":"http:\/\/evaas.vetagro-sup.fr\/index.php\/wp-json\/wp\/v2\/users\/1"}],"replies":[{"embeddable":true,"href":"http:\/\/evaas.vetagro-sup.fr\/index.php\/wp-json\/wp\/v2\/comments?post=2859"}],"version-history":[{"count":13,"href":"http:\/\/evaas.vetagro-sup.fr\/index.php\/wp-json\/wp\/v2\/posts\/2859\/revisions"}],"predecessor-version":[{"id":3095,"href":"http:\/\/evaas.vetagro-sup.fr\/index.php\/wp-json\/wp\/v2\/posts\/2859\/revisions\/3095"}],"wp:featuredmedia":[{"embeddable":true,"href":"http:\/\/evaas.vetagro-sup.fr\/index.php\/wp-json\/wp\/v2\/media\/2869"}],"wp:attachment":[{"href":"http:\/\/evaas.vetagro-sup.fr\/index.php\/wp-json\/wp\/v2\/media?parent=2859"}],"wp:term":[{"taxonomy":"category","embeddable":true,"href":"http:\/\/evaas.vetagro-sup.fr\/index.php\/wp-json\/wp\/v2\/categories?post=2859"},{"taxonomy":"post_tag","embeddable":true,"href":"http:\/\/evaas.vetagro-sup.fr\/index.php\/wp-json\/wp\/v2\/tags?post=2859"}],"curies":[{"name":"wp","href":"https:\/\/api.w.org\/{rel}","templated":true}]}}