{"id":2792,"date":"2024-06-15T14:24:02","date_gmt":"2024-06-15T12:24:02","guid":{"rendered":"http:\/\/evaas.vetagro-sup.fr\/?p=2792"},"modified":"2025-02-18T16:49:14","modified_gmt":"2025-02-18T15:49:14","slug":"participation-du-pole-a-la-formation-initiale-veterinaire","status":"publish","type":"post","link":"http:\/\/evaas.vetagro-sup.fr\/index.php\/2024\/06\/15\/participation-du-pole-a-la-formation-initiale-veterinaire\/","title":{"rendered":"Participation du p\u00f4le \u00e0 la formation initiale v\u00e9t\u00e9rinaire"},"content":{"rendered":"\t\t<div data-elementor-type=\"wp-post\" data-elementor-id=\"2792\" class=\"elementor elementor-2792\">\n\t\t\t\t\t\t<section class=\"elementor-section elementor-top-section elementor-element elementor-element-c177515 elementor-section-boxed elementor-section-height-default elementor-section-height-default reptro-section-padding-large\" data-id=\"c177515\" data-element_type=\"section\" data-e-type=\"section\">\n\t\t\t\t\t\t<div class=\"elementor-container elementor-column-gap-default\">\n\t\t\t\t\t<div class=\"elementor-column elementor-col-100 elementor-top-column elementor-element elementor-element-3d8e6f5\" data-id=\"3d8e6f5\" data-element_type=\"column\" data-e-type=\"column\">\n\t\t\t<div class=\"elementor-widget-wrap elementor-element-populated\">\n\t\t\t\t\t\t<div class=\"elementor-element elementor-element-0698a84 elementor-widget elementor-widget-text-editor\" data-id=\"0698a84\" data-element_type=\"widget\" data-e-type=\"widget\" data-widget_type=\"text-editor.default\">\n\t\t\t\t<div class=\"elementor-widget-container\">\n\t\t\t\t\t\t\t\t\t<p>Le mois dernier, <strong>deux membres du p\u00f4le<\/strong> (Karin Lemberger et Nathan Thenon) <strong>ont \u00e9t\u00e9 mis \u00e0 contribution pour animer une formation sur l\u2019autopsie de la faune sauvage pour les \u00e9tudiants v\u00e9t\u00e9rinaires<\/strong> de VetAgro Sup en approfondissement \u00ab\u00a0nouveaux animaux de compagnie (NAC) \u2013 m\u00e9decine zoologique\u00a0\u00bb.\u00a0<\/p><p><strong>Ces travaux pratiques ont permis aux \u00e9tudiants de parfaire leurs connaissances anatomiques et anatomopathologiques sur plusieurs animaux<\/strong> (incluant des mammif\u00e8res, oiseaux et reptiles) <strong>et appliquer les bonnes pratiques entourant les autopsies d\u2019animaux sauvages<\/strong> (\u00e9quipements de protection individuelle sp\u00e9cifiques, pr\u00e9l\u00e8vements \u00e0 r\u00e9aliser \u2026). A la fin des travaux pratiques, des cas cliniques ont \u00e9t\u00e9 pr\u00e9sent\u00e9s aux \u00e9tudiants pour faire un tour de certaines affections fr\u00e9quemment rencontr\u00e9es chez certains animaux sauvages et NAC.<\/p><p>Cette formation destin\u00e9es aux jeunes v\u00e9t\u00e9rinaires s\u2019int\u00e8gre dans la politique \u00ab une seule sant\u00e9 \u00bb de l\u2019\u00e9tablissement et contribue \u00e0 prot\u00e9ger la sant\u00e9 animale et humaine.<\/p>\t\t\t\t\t\t\t\t<\/div>\n\t\t\t\t<\/div>\n\t\t\t\t<div class=\"elementor-element elementor-element-35bc5d9 elementor-widget elementor-widget-image\" data-id=\"35bc5d9\" data-element_type=\"widget\" data-e-type=\"widget\" data-widget_type=\"image.default\">\n\t\t\t\t<div class=\"elementor-widget-container\">\n\t\t\t\t\t\t\t\t\t\t\t\t\t\t\t<img fetchpriority=\"high\" decoding=\"async\" width=\"640\" height=\"326\" src=\"http:\/\/evaas.vetagro-sup.fr\/wp-content\/uploads\/2024\/06\/Formation-A6-NAC-1024x521.jpg\" class=\"attachment-large size-large wp-image-2794\" alt=\"\" srcset=\"http:\/\/evaas.vetagro-sup.fr\/wp-content\/uploads\/2024\/06\/Formation-A6-NAC-1024x521.jpg 1024w, http:\/\/evaas.vetagro-sup.fr\/wp-content\/uploads\/2024\/06\/Formation-A6-NAC-300x153.jpg 300w, http:\/\/evaas.vetagro-sup.fr\/wp-content\/uploads\/2024\/06\/Formation-A6-NAC-768x391.jpg 768w, http:\/\/evaas.vetagro-sup.fr\/wp-content\/uploads\/2024\/06\/Formation-A6-NAC.jpg 1200w\" sizes=\"(max-width: 640px) 100vw, 640px\" \/>\t\t\t\t\t\t\t\t\t\t\t\t\t\t\t<\/div>\n\t\t\t\t<\/div>\n\t\t\t\t\t<\/div>\n\t\t<\/div>\n\t\t\t\t\t<\/div>\n\t\t<\/section>\n\t\t\t\t<\/div>\n\t\t","protected":false},"excerpt":{"rendered":"<p>Le mois dernier, deux membres du p\u00f4le (Karin Lemberger et Nathan Thenon) ont \u00e9t\u00e9 mis \u00e0 contribution pour animer une formation sur l\u2019autopsie de la faune sauvage pour les \u00e9tudiants v\u00e9t\u00e9rinaires de VetAgro Sup en approfondissement \u00ab\u00a0nouveaux animaux de compagnie (NAC) \u2013 m\u00e9decine zoologique\u00a0\u00bb.\u00a0 Ces travaux pratiques ont permis aux \u00e9tudiants de parfaire leurs connaissances&#8230;<\/p>\n","protected":false},"author":1,"featured_media":2795,"comment_status":"open","ping_status":"open","sticky":false,"template":"","format":"standard","meta":{"_monsterinsights_skip_tracking":false,"_monsterinsights_sitenote_active":false,"_monsterinsights_sitenote_note":"","_monsterinsights_sitenote_category":0,"_uf_show_specific_survey":0,"_uf_disable_surveys":false,"footnotes":""},"categories":[26],"tags":[25,49,50,47],"class_list":["post-2792","post","type-post","status-publish","format-standard","has-post-thumbnail","hentry","category-formation","tag-formation","tag-karin-lemberger","tag-magalie-rene-martelet","tag-nathan-thenon"],"yoast_head":"<!-- This site is optimized with the Yoast SEO plugin v27.5 - https:\/\/yoast.com\/product\/yoast-seo-wordpress\/ -->\n<title>Participation du p\u00f4le \u00e0 la formation initiale v\u00e9t\u00e9rinaire - EVAAS<\/title>\n<meta name=\"description\" content=\"Le mois dernier, deux membres du p\u00f4le (Karin Lemberger et Nathan Thenon) ont \u00e9t\u00e9 mis \u00e0 contribution pour animer une formation sur l\u2019autopsie de la faune\" \/>\n<meta name=\"robots\" content=\"index, follow, max-snippet:-1, max-image-preview:large, max-video-preview:-1\" \/>\n<link rel=\"canonical\" href=\"http:\/\/evaas.vetagro-sup.fr\/index.php\/2024\/06\/15\/participation-du-pole-a-la-formation-initiale-veterinaire\/\" \/>\n<meta property=\"og:locale\" content=\"fr_FR\" \/>\n<meta property=\"og:type\" content=\"article\" \/>\n<meta property=\"og:title\" content=\"Participation du p\u00f4le \u00e0 la formation initiale v\u00e9t\u00e9rinaire - EVAAS\" \/>\n<meta property=\"og:description\" content=\"Le mois dernier, deux membres du p\u00f4le (Karin Lemberger et Nathan Thenon) ont \u00e9t\u00e9 mis \u00e0 contribution pour animer une formation sur l\u2019autopsie de la faune\" \/>\n<meta property=\"og:url\" content=\"http:\/\/evaas.vetagro-sup.fr\/index.php\/2024\/06\/15\/participation-du-pole-a-la-formation-initiale-veterinaire\/\" \/>\n<meta property=\"og:site_name\" content=\"EVAAS\" \/>\n<meta property=\"article:published_time\" content=\"2024-06-15T12:24:02+00:00\" \/>\n<meta property=\"article:modified_time\" content=\"2025-02-18T15:49:14+00:00\" \/>\n<meta property=\"og:image\" content=\"http:\/\/evaas.vetagro-sup.fr\/wp-content\/uploads\/2024\/06\/Fomation-A6-NAC-2.jpg\" \/>\n\t<meta property=\"og:image:width\" content=\"1200\" \/>\n\t<meta property=\"og:image:height\" content=\"1600\" \/>\n\t<meta property=\"og:image:type\" content=\"image\/jpeg\" \/>\n<meta name=\"author\" content=\"evaas-admin\" \/>\n<meta name=\"twitter:card\" content=\"summary_large_image\" \/>\n<meta name=\"twitter:label1\" content=\"\u00c9crit par\" \/>\n\t<meta name=\"twitter:data1\" content=\"evaas-admin\" \/>\n\t<meta name=\"twitter:label2\" content=\"Dur\u00e9e de lecture estim\u00e9e\" \/>\n\t<meta name=\"twitter:data2\" content=\"1 minute\" \/>\n<script type=\"application\/ld+json\" class=\"yoast-schema-graph\">{\"@context\":\"https:\\\/\\\/schema.org\",\"@graph\":[{\"@type\":\"Article\",\"@id\":\"http:\\\/\\\/evaas.vetagro-sup.fr\\\/index.php\\\/2024\\\/06\\\/15\\\/participation-du-pole-a-la-formation-initiale-veterinaire\\\/#article\",\"isPartOf\":{\"@id\":\"http:\\\/\\\/evaas.vetagro-sup.fr\\\/index.php\\\/2024\\\/06\\\/15\\\/participation-du-pole-a-la-formation-initiale-veterinaire\\\/\"},\"author\":{\"name\":\"evaas-admin\",\"@id\":\"http:\\\/\\\/evaas.vetagro-sup.fr\\\/#\\\/schema\\\/person\\\/39f69ac7780ac371f9ef27b9d4d91507\"},\"headline\":\"Participation du p\u00f4le \u00e0 la formation initiale v\u00e9t\u00e9rinaire\",\"datePublished\":\"2024-06-15T12:24:02+00:00\",\"dateModified\":\"2025-02-18T15:49:14+00:00\",\"mainEntityOfPage\":{\"@id\":\"http:\\\/\\\/evaas.vetagro-sup.fr\\\/index.php\\\/2024\\\/06\\\/15\\\/participation-du-pole-a-la-formation-initiale-veterinaire\\\/\"},\"wordCount\":166,\"commentCount\":0,\"publisher\":{\"@id\":\"http:\\\/\\\/evaas.vetagro-sup.fr\\\/#organization\"},\"image\":{\"@id\":\"http:\\\/\\\/evaas.vetagro-sup.fr\\\/index.php\\\/2024\\\/06\\\/15\\\/participation-du-pole-a-la-formation-initiale-veterinaire\\\/#primaryimage\"},\"thumbnailUrl\":\"http:\\\/\\\/evaas.vetagro-sup.fr\\\/wp-content\\\/uploads\\\/2024\\\/06\\\/Fomation-A6-NAC-2.jpg\",\"keywords\":[\"Formation\",\"Karin Lemberger\",\"Magalie Ren\u00e9 Martelet\",\"Nathan Thenon\"],\"articleSection\":[\"Formation\"],\"inLanguage\":\"fr-FR\",\"potentialAction\":[{\"@type\":\"CommentAction\",\"name\":\"Comment\",\"target\":[\"http:\\\/\\\/evaas.vetagro-sup.fr\\\/index.php\\\/2024\\\/06\\\/15\\\/participation-du-pole-a-la-formation-initiale-veterinaire\\\/#respond\"]}]},{\"@type\":\"WebPage\",\"@id\":\"http:\\\/\\\/evaas.vetagro-sup.fr\\\/index.php\\\/2024\\\/06\\\/15\\\/participation-du-pole-a-la-formation-initiale-veterinaire\\\/\",\"url\":\"http:\\\/\\\/evaas.vetagro-sup.fr\\\/index.php\\\/2024\\\/06\\\/15\\\/participation-du-pole-a-la-formation-initiale-veterinaire\\\/\",\"name\":\"Participation du p\u00f4le \u00e0 la formation initiale v\u00e9t\u00e9rinaire - EVAAS\",\"isPartOf\":{\"@id\":\"http:\\\/\\\/evaas.vetagro-sup.fr\\\/#website\"},\"primaryImageOfPage\":{\"@id\":\"http:\\\/\\\/evaas.vetagro-sup.fr\\\/index.php\\\/2024\\\/06\\\/15\\\/participation-du-pole-a-la-formation-initiale-veterinaire\\\/#primaryimage\"},\"image\":{\"@id\":\"http:\\\/\\\/evaas.vetagro-sup.fr\\\/index.php\\\/2024\\\/06\\\/15\\\/participation-du-pole-a-la-formation-initiale-veterinaire\\\/#primaryimage\"},\"thumbnailUrl\":\"http:\\\/\\\/evaas.vetagro-sup.fr\\\/wp-content\\\/uploads\\\/2024\\\/06\\\/Fomation-A6-NAC-2.jpg\",\"datePublished\":\"2024-06-15T12:24:02+00:00\",\"dateModified\":\"2025-02-18T15:49:14+00:00\",\"description\":\"Le mois dernier, deux membres du p\u00f4le (Karin Lemberger et Nathan Thenon) ont \u00e9t\u00e9 mis \u00e0 contribution pour animer une formation sur l\u2019autopsie de la faune\",\"breadcrumb\":{\"@id\":\"http:\\\/\\\/evaas.vetagro-sup.fr\\\/index.php\\\/2024\\\/06\\\/15\\\/participation-du-pole-a-la-formation-initiale-veterinaire\\\/#breadcrumb\"},\"inLanguage\":\"fr-FR\",\"potentialAction\":[{\"@type\":\"ReadAction\",\"target\":[\"http:\\\/\\\/evaas.vetagro-sup.fr\\\/index.php\\\/2024\\\/06\\\/15\\\/participation-du-pole-a-la-formation-initiale-veterinaire\\\/\"]}]},{\"@type\":\"ImageObject\",\"inLanguage\":\"fr-FR\",\"@id\":\"http:\\\/\\\/evaas.vetagro-sup.fr\\\/index.php\\\/2024\\\/06\\\/15\\\/participation-du-pole-a-la-formation-initiale-veterinaire\\\/#primaryimage\",\"url\":\"http:\\\/\\\/evaas.vetagro-sup.fr\\\/wp-content\\\/uploads\\\/2024\\\/06\\\/Fomation-A6-NAC-2.jpg\",\"contentUrl\":\"http:\\\/\\\/evaas.vetagro-sup.fr\\\/wp-content\\\/uploads\\\/2024\\\/06\\\/Fomation-A6-NAC-2.jpg\",\"width\":1200,\"height\":1600},{\"@type\":\"BreadcrumbList\",\"@id\":\"http:\\\/\\\/evaas.vetagro-sup.fr\\\/index.php\\\/2024\\\/06\\\/15\\\/participation-du-pole-a-la-formation-initiale-veterinaire\\\/#breadcrumb\",\"itemListElement\":[{\"@type\":\"ListItem\",\"position\":1,\"name\":\"Accueil\",\"item\":\"http:\\\/\\\/evaas.vetagro-sup.fr\\\/\"},{\"@type\":\"ListItem\",\"position\":2,\"name\":\"Participation du p\u00f4le \u00e0 la formation initiale v\u00e9t\u00e9rinaire\"}]},{\"@type\":\"WebSite\",\"@id\":\"http:\\\/\\\/evaas.vetagro-sup.fr\\\/#website\",\"url\":\"http:\\\/\\\/evaas.vetagro-sup.fr\\\/\",\"name\":\"EVAAS\",\"description\":\"Expertise scientifique collective multidisciplinaire en sant\u00e9 de la faune sauvage\",\"publisher\":{\"@id\":\"http:\\\/\\\/evaas.vetagro-sup.fr\\\/#organization\"},\"potentialAction\":[{\"@type\":\"SearchAction\",\"target\":{\"@type\":\"EntryPoint\",\"urlTemplate\":\"http:\\\/\\\/evaas.vetagro-sup.fr\\\/?s={search_term_string}\"},\"query-input\":{\"@type\":\"PropertyValueSpecification\",\"valueRequired\":true,\"valueName\":\"search_term_string\"}}],\"inLanguage\":\"fr-FR\"},{\"@type\":\"Organization\",\"@id\":\"http:\\\/\\\/evaas.vetagro-sup.fr\\\/#organization\",\"name\":\"P\u00f4le EVAAS\",\"url\":\"http:\\\/\\\/evaas.vetagro-sup.fr\\\/\",\"logo\":{\"@type\":\"ImageObject\",\"inLanguage\":\"fr-FR\",\"@id\":\"http:\\\/\\\/evaas.vetagro-sup.fr\\\/#\\\/schema\\\/logo\\\/image\\\/\",\"url\":\"http:\\\/\\\/evaas.vetagro-sup.fr\\\/wp-content\\\/uploads\\\/2018\\\/10\\\/logo_EVAAS_ecran_sans_fond-e1539174118936.png\",\"contentUrl\":\"http:\\\/\\\/evaas.vetagro-sup.fr\\\/wp-content\\\/uploads\\\/2018\\\/10\\\/logo_EVAAS_ecran_sans_fond-e1539174118936.png\",\"width\":387,\"height\":150,\"caption\":\"P\u00f4le EVAAS\"},\"image\":{\"@id\":\"http:\\\/\\\/evaas.vetagro-sup.fr\\\/#\\\/schema\\\/logo\\\/image\\\/\"}},{\"@type\":\"Person\",\"@id\":\"http:\\\/\\\/evaas.vetagro-sup.fr\\\/#\\\/schema\\\/person\\\/39f69ac7780ac371f9ef27b9d4d91507\",\"name\":\"evaas-admin\",\"image\":{\"@type\":\"ImageObject\",\"inLanguage\":\"fr-FR\",\"@id\":\"https:\\\/\\\/secure.gravatar.com\\\/avatar\\\/be92b5b6d77942219df2ecf66ba3207feb2e7c5d543d0411293de093ed0c1dd3?s=96&d=mm&r=g\",\"url\":\"https:\\\/\\\/secure.gravatar.com\\\/avatar\\\/be92b5b6d77942219df2ecf66ba3207feb2e7c5d543d0411293de093ed0c1dd3?s=96&d=mm&r=g\",\"contentUrl\":\"https:\\\/\\\/secure.gravatar.com\\\/avatar\\\/be92b5b6d77942219df2ecf66ba3207feb2e7c5d543d0411293de093ed0c1dd3?s=96&d=mm&r=g\",\"caption\":\"evaas-admin\"},\"url\":\"http:\\\/\\\/evaas.vetagro-sup.fr\\\/index.php\\\/author\\\/evaas-admin\\\/\"}]}<\/script>\n<!-- \/ Yoast SEO plugin. -->","yoast_head_json":{"title":"Participation du p\u00f4le \u00e0 la formation initiale v\u00e9t\u00e9rinaire - EVAAS","description":"Le mois dernier, deux membres du p\u00f4le (Karin Lemberger et Nathan Thenon) ont \u00e9t\u00e9 mis \u00e0 contribution pour animer une formation sur l\u2019autopsie de la faune","robots":{"index":"index","follow":"follow","max-snippet":"max-snippet:-1","max-image-preview":"max-image-preview:large","max-video-preview":"max-video-preview:-1"},"canonical":"http:\/\/evaas.vetagro-sup.fr\/index.php\/2024\/06\/15\/participation-du-pole-a-la-formation-initiale-veterinaire\/","og_locale":"fr_FR","og_type":"article","og_title":"Participation du p\u00f4le \u00e0 la formation initiale v\u00e9t\u00e9rinaire - EVAAS","og_description":"Le mois dernier, deux membres du p\u00f4le (Karin Lemberger et Nathan Thenon) ont \u00e9t\u00e9 mis \u00e0 contribution pour animer une formation sur l\u2019autopsie de la faune","og_url":"http:\/\/evaas.vetagro-sup.fr\/index.php\/2024\/06\/15\/participation-du-pole-a-la-formation-initiale-veterinaire\/","og_site_name":"EVAAS","article_published_time":"2024-06-15T12:24:02+00:00","article_modified_time":"2025-02-18T15:49:14+00:00","og_image":[{"width":1200,"height":1600,"url":"http:\/\/evaas.vetagro-sup.fr\/wp-content\/uploads\/2024\/06\/Fomation-A6-NAC-2.jpg","type":"image\/jpeg"}],"author":"evaas-admin","twitter_card":"summary_large_image","twitter_misc":{"\u00c9crit par":"evaas-admin","Dur\u00e9e de lecture estim\u00e9e":"1 minute"},"schema":{"@context":"https:\/\/schema.org","@graph":[{"@type":"Article","@id":"http:\/\/evaas.vetagro-sup.fr\/index.php\/2024\/06\/15\/participation-du-pole-a-la-formation-initiale-veterinaire\/#article","isPartOf":{"@id":"http:\/\/evaas.vetagro-sup.fr\/index.php\/2024\/06\/15\/participation-du-pole-a-la-formation-initiale-veterinaire\/"},"author":{"name":"evaas-admin","@id":"http:\/\/evaas.vetagro-sup.fr\/#\/schema\/person\/39f69ac7780ac371f9ef27b9d4d91507"},"headline":"Participation du p\u00f4le \u00e0 la formation initiale v\u00e9t\u00e9rinaire","datePublished":"2024-06-15T12:24:02+00:00","dateModified":"2025-02-18T15:49:14+00:00","mainEntityOfPage":{"@id":"http:\/\/evaas.vetagro-sup.fr\/index.php\/2024\/06\/15\/participation-du-pole-a-la-formation-initiale-veterinaire\/"},"wordCount":166,"commentCount":0,"publisher":{"@id":"http:\/\/evaas.vetagro-sup.fr\/#organization"},"image":{"@id":"http:\/\/evaas.vetagro-sup.fr\/index.php\/2024\/06\/15\/participation-du-pole-a-la-formation-initiale-veterinaire\/#primaryimage"},"thumbnailUrl":"http:\/\/evaas.vetagro-sup.fr\/wp-content\/uploads\/2024\/06\/Fomation-A6-NAC-2.jpg","keywords":["Formation","Karin Lemberger","Magalie Ren\u00e9 Martelet","Nathan Thenon"],"articleSection":["Formation"],"inLanguage":"fr-FR","potentialAction":[{"@type":"CommentAction","name":"Comment","target":["http:\/\/evaas.vetagro-sup.fr\/index.php\/2024\/06\/15\/participation-du-pole-a-la-formation-initiale-veterinaire\/#respond"]}]},{"@type":"WebPage","@id":"http:\/\/evaas.vetagro-sup.fr\/index.php\/2024\/06\/15\/participation-du-pole-a-la-formation-initiale-veterinaire\/","url":"http:\/\/evaas.vetagro-sup.fr\/index.php\/2024\/06\/15\/participation-du-pole-a-la-formation-initiale-veterinaire\/","name":"Participation du p\u00f4le \u00e0 la formation initiale v\u00e9t\u00e9rinaire - EVAAS","isPartOf":{"@id":"http:\/\/evaas.vetagro-sup.fr\/#website"},"primaryImageOfPage":{"@id":"http:\/\/evaas.vetagro-sup.fr\/index.php\/2024\/06\/15\/participation-du-pole-a-la-formation-initiale-veterinaire\/#primaryimage"},"image":{"@id":"http:\/\/evaas.vetagro-sup.fr\/index.php\/2024\/06\/15\/participation-du-pole-a-la-formation-initiale-veterinaire\/#primaryimage"},"thumbnailUrl":"http:\/\/evaas.vetagro-sup.fr\/wp-content\/uploads\/2024\/06\/Fomation-A6-NAC-2.jpg","datePublished":"2024-06-15T12:24:02+00:00","dateModified":"2025-02-18T15:49:14+00:00","description":"Le mois dernier, deux membres du p\u00f4le (Karin Lemberger et Nathan Thenon) ont \u00e9t\u00e9 mis \u00e0 contribution pour animer une formation sur l\u2019autopsie de la faune","breadcrumb":{"@id":"http:\/\/evaas.vetagro-sup.fr\/index.php\/2024\/06\/15\/participation-du-pole-a-la-formation-initiale-veterinaire\/#breadcrumb"},"inLanguage":"fr-FR","potentialAction":[{"@type":"ReadAction","target":["http:\/\/evaas.vetagro-sup.fr\/index.php\/2024\/06\/15\/participation-du-pole-a-la-formation-initiale-veterinaire\/"]}]},{"@type":"ImageObject","inLanguage":"fr-FR","@id":"http:\/\/evaas.vetagro-sup.fr\/index.php\/2024\/06\/15\/participation-du-pole-a-la-formation-initiale-veterinaire\/#primaryimage","url":"http:\/\/evaas.vetagro-sup.fr\/wp-content\/uploads\/2024\/06\/Fomation-A6-NAC-2.jpg","contentUrl":"http:\/\/evaas.vetagro-sup.fr\/wp-content\/uploads\/2024\/06\/Fomation-A6-NAC-2.jpg","width":1200,"height":1600},{"@type":"BreadcrumbList","@id":"http:\/\/evaas.vetagro-sup.fr\/index.php\/2024\/06\/15\/participation-du-pole-a-la-formation-initiale-veterinaire\/#breadcrumb","itemListElement":[{"@type":"ListItem","position":1,"name":"Accueil","item":"http:\/\/evaas.vetagro-sup.fr\/"},{"@type":"ListItem","position":2,"name":"Participation du p\u00f4le \u00e0 la formation initiale v\u00e9t\u00e9rinaire"}]},{"@type":"WebSite","@id":"http:\/\/evaas.vetagro-sup.fr\/#website","url":"http:\/\/evaas.vetagro-sup.fr\/","name":"EVAAS","description":"Expertise scientifique collective multidisciplinaire en sant\u00e9 de la faune sauvage","publisher":{"@id":"http:\/\/evaas.vetagro-sup.fr\/#organization"},"potentialAction":[{"@type":"SearchAction","target":{"@type":"EntryPoint","urlTemplate":"http:\/\/evaas.vetagro-sup.fr\/?s={search_term_string}"},"query-input":{"@type":"PropertyValueSpecification","valueRequired":true,"valueName":"search_term_string"}}],"inLanguage":"fr-FR"},{"@type":"Organization","@id":"http:\/\/evaas.vetagro-sup.fr\/#organization","name":"P\u00f4le EVAAS","url":"http:\/\/evaas.vetagro-sup.fr\/","logo":{"@type":"ImageObject","inLanguage":"fr-FR","@id":"http:\/\/evaas.vetagro-sup.fr\/#\/schema\/logo\/image\/","url":"http:\/\/evaas.vetagro-sup.fr\/wp-content\/uploads\/2018\/10\/logo_EVAAS_ecran_sans_fond-e1539174118936.png","contentUrl":"http:\/\/evaas.vetagro-sup.fr\/wp-content\/uploads\/2018\/10\/logo_EVAAS_ecran_sans_fond-e1539174118936.png","width":387,"height":150,"caption":"P\u00f4le EVAAS"},"image":{"@id":"http:\/\/evaas.vetagro-sup.fr\/#\/schema\/logo\/image\/"}},{"@type":"Person","@id":"http:\/\/evaas.vetagro-sup.fr\/#\/schema\/person\/39f69ac7780ac371f9ef27b9d4d91507","name":"evaas-admin","image":{"@type":"ImageObject","inLanguage":"fr-FR","@id":"https:\/\/secure.gravatar.com\/avatar\/be92b5b6d77942219df2ecf66ba3207feb2e7c5d543d0411293de093ed0c1dd3?s=96&d=mm&r=g","url":"https:\/\/secure.gravatar.com\/avatar\/be92b5b6d77942219df2ecf66ba3207feb2e7c5d543d0411293de093ed0c1dd3?s=96&d=mm&r=g","contentUrl":"https:\/\/secure.gravatar.com\/avatar\/be92b5b6d77942219df2ecf66ba3207feb2e7c5d543d0411293de093ed0c1dd3?s=96&d=mm&r=g","caption":"evaas-admin"},"url":"http:\/\/evaas.vetagro-sup.fr\/index.php\/author\/evaas-admin\/"}]}},"_links":{"self":[{"href":"http:\/\/evaas.vetagro-sup.fr\/index.php\/wp-json\/wp\/v2\/posts\/2792","targetHints":{"allow":["GET"]}}],"collection":[{"href":"http:\/\/evaas.vetagro-sup.fr\/index.php\/wp-json\/wp\/v2\/posts"}],"about":[{"href":"http:\/\/evaas.vetagro-sup.fr\/index.php\/wp-json\/wp\/v2\/types\/post"}],"author":[{"embeddable":true,"href":"http:\/\/evaas.vetagro-sup.fr\/index.php\/wp-json\/wp\/v2\/users\/1"}],"replies":[{"embeddable":true,"href":"http:\/\/evaas.vetagro-sup.fr\/index.php\/wp-json\/wp\/v2\/comments?post=2792"}],"version-history":[{"count":4,"href":"http:\/\/evaas.vetagro-sup.fr\/index.php\/wp-json\/wp\/v2\/posts\/2792\/revisions"}],"predecessor-version":[{"id":2798,"href":"http:\/\/evaas.vetagro-sup.fr\/index.php\/wp-json\/wp\/v2\/posts\/2792\/revisions\/2798"}],"wp:featuredmedia":[{"embeddable":true,"href":"http:\/\/evaas.vetagro-sup.fr\/index.php\/wp-json\/wp\/v2\/media\/2795"}],"wp:attachment":[{"href":"http:\/\/evaas.vetagro-sup.fr\/index.php\/wp-json\/wp\/v2\/media?parent=2792"}],"wp:term":[{"taxonomy":"category","embeddable":true,"href":"http:\/\/evaas.vetagro-sup.fr\/index.php\/wp-json\/wp\/v2\/categories?post=2792"},{"taxonomy":"post_tag","embeddable":true,"href":"http:\/\/evaas.vetagro-sup.fr\/index.php\/wp-json\/wp\/v2\/tags?post=2792"}],"curies":[{"name":"wp","href":"https:\/\/api.w.org\/{rel}","templated":true}]}}