{"id":2624,"date":"2023-09-25T09:41:44","date_gmt":"2023-09-25T07:41:44","guid":{"rendered":"http:\/\/evaas.vetagro-sup.fr\/?p=2624"},"modified":"2025-02-18T16:58:58","modified_gmt":"2025-02-18T15:58:58","slug":"participation-aux-40emes-rencontres-du-geefsm","status":"publish","type":"post","link":"http:\/\/evaas.vetagro-sup.fr\/index.php\/2023\/09\/25\/participation-aux-40emes-rencontres-du-geefsm\/","title":{"rendered":"Participation aux 40\u00e8mes rencontres du GEEFSM"},"content":{"rendered":"\t\t<div data-elementor-type=\"wp-post\" data-elementor-id=\"2624\" class=\"elementor elementor-2624\">\n\t\t\t\t\t\t<section class=\"elementor-section elementor-top-section elementor-element elementor-element-bec01eb elementor-section-boxed elementor-section-height-default elementor-section-height-default reptro-section-padding-large\" data-id=\"bec01eb\" data-element_type=\"section\" data-e-type=\"section\">\n\t\t\t\t\t\t<div class=\"elementor-container elementor-column-gap-default\">\n\t\t\t\t\t<div class=\"elementor-column elementor-col-100 elementor-top-column elementor-element elementor-element-48b1997\" data-id=\"48b1997\" data-element_type=\"column\" data-e-type=\"column\">\n\t\t\t<div class=\"elementor-widget-wrap elementor-element-populated\">\n\t\t\t\t\t\t<div class=\"elementor-element elementor-element-b3d1e06 elementor-widget elementor-widget-text-editor\" data-id=\"b3d1e06\" data-element_type=\"widget\" data-e-type=\"widget\" data-widget_type=\"text-editor.default\">\n\t\t\t\t<div class=\"elementor-widget-container\">\n\t\t\t\t\t\t\t\t\t<p>Du 21 au 24 septembre 2023, le p\u00f4le EVAAS \u00e9tait pr\u00e9sent aux 40\u00e8mes rencontres du Groupe d&rsquo;Etude sur l&rsquo;Ecopathologie de la Faune Sauvage de Montagne (GEEFSM), qui se sont tenues cette ann\u00e9e \u00e0 Saluzzo en Italie.<\/p>\n<p>Durant ces rencontres, Emmanuelle Gilot-Fromont a abord\u00e9 les enjeux li\u00e9s \u00e0 l&rsquo;\u00e9pid\u00e9miosurveillance de la faune sauvage. La m\u00e9thode de priorisation et l&rsquo;outil Priorit\u00e9 sant\u00e9 faune, en cours d&rsquo;\u00e9laboration dans le cadre d&rsquo;un projet conjoint du pole EVAAS et des Parcs Nationaux, ont \u00e9t\u00e9 pr\u00e9sent\u00e9s.<\/p>\n<p>Julie Merlin et Pauline Bouillot ont quant \u00e0 elles pr\u00e9sent\u00e9 une partie des travaux men\u00e9s au sein du groupe de travail \u00ab\u00a0strat\u00e9gie sanitaire Lynx eurasien\u00a0\u00bb du Plan National d&rsquo;Action concernant cette esp\u00e8ce. Les travaux portaient en particulier sur les r\u00e9flexions \u00e9thiques autour de la prise en charge des lynx bor\u00e9aux sauvages en d\u00e9tresse.&nbsp;<\/p><p><br><\/p>\t\t\t\t\t\t\t\t<\/div>\n\t\t\t\t<\/div>\n\t\t\t\t<div class=\"elementor-element elementor-element-a9ad0aa elementor-widget elementor-widget-image\" data-id=\"a9ad0aa\" data-element_type=\"widget\" data-e-type=\"widget\" data-widget_type=\"image.default\">\n\t\t\t\t<div class=\"elementor-widget-container\">\n\t\t\t\t\t\t\t\t\t\t\t\t\t\t\t<img fetchpriority=\"high\" decoding=\"async\" width=\"640\" height=\"480\" src=\"http:\/\/evaas.vetagro-sup.fr\/wp-content\/uploads\/2023\/09\/PSF2-1024x768.jpg\" class=\"attachment-large size-large wp-image-2627\" alt=\"\" srcset=\"http:\/\/evaas.vetagro-sup.fr\/wp-content\/uploads\/2023\/09\/PSF2-1024x768.jpg 1024w, http:\/\/evaas.vetagro-sup.fr\/wp-content\/uploads\/2023\/09\/PSF2-300x225.jpg 300w, http:\/\/evaas.vetagro-sup.fr\/wp-content\/uploads\/2023\/09\/PSF2-768x576.jpg 768w, http:\/\/evaas.vetagro-sup.fr\/wp-content\/uploads\/2023\/09\/PSF2-1536x1152.jpg 1536w, http:\/\/evaas.vetagro-sup.fr\/wp-content\/uploads\/2023\/09\/PSF2-2048x1536.jpg 2048w\" sizes=\"(max-width: 640px) 100vw, 640px\" \/>\t\t\t\t\t\t\t\t\t\t\t\t\t\t\t<\/div>\n\t\t\t\t<\/div>\n\t\t\t\t\t<\/div>\n\t\t<\/div>\n\t\t\t\t\t<\/div>\n\t\t<\/section>\n\t\t\t\t<\/div>\n\t\t","protected":false},"excerpt":{"rendered":"<p>Du 21 au 24 septembre 2023, le p\u00f4le EVAAS \u00e9tait pr\u00e9sent aux 40\u00e8mes rencontres du Groupe d&rsquo;Etude sur l&rsquo;Ecopathologie de la Faune Sauvage de Montagne (GEEFSM), qui se sont tenues cette ann\u00e9e \u00e0 Saluzzo en Italie. Durant ces rencontres, Emmanuelle Gilot-Fromont a abord\u00e9 les enjeux li\u00e9s \u00e0 l&rsquo;\u00e9pid\u00e9miosurveillance de la faune sauvage. La m\u00e9thode de&#8230;<\/p>\n","protected":false},"author":1,"featured_media":2628,"comment_status":"open","ping_status":"open","sticky":false,"template":"","format":"standard","meta":{"_monsterinsights_skip_tracking":false,"_uf_show_specific_survey":0,"_uf_disable_surveys":false,"footnotes":""},"categories":[19],"tags":[40,35,57,58,48,36],"class_list":["post-2624","post","type-post","status-publish","format-standard","has-post-thumbnail","hentry","category-evenements","tag-emmanuelle-gilot","tag-julie-merlin","tag-pauline-bouillot","tag-pna-lynx","tag-priorite-sante-faune","tag-valorisation-scientifique"],"_links":{"self":[{"href":"http:\/\/evaas.vetagro-sup.fr\/index.php\/wp-json\/wp\/v2\/posts\/2624","targetHints":{"allow":["GET"]}}],"collection":[{"href":"http:\/\/evaas.vetagro-sup.fr\/index.php\/wp-json\/wp\/v2\/posts"}],"about":[{"href":"http:\/\/evaas.vetagro-sup.fr\/index.php\/wp-json\/wp\/v2\/types\/post"}],"author":[{"embeddable":true,"href":"http:\/\/evaas.vetagro-sup.fr\/index.php\/wp-json\/wp\/v2\/users\/1"}],"replies":[{"embeddable":true,"href":"http:\/\/evaas.vetagro-sup.fr\/index.php\/wp-json\/wp\/v2\/comments?post=2624"}],"version-history":[{"count":10,"href":"http:\/\/evaas.vetagro-sup.fr\/index.php\/wp-json\/wp\/v2\/posts\/2624\/revisions"}],"predecessor-version":[{"id":2645,"href":"http:\/\/evaas.vetagro-sup.fr\/index.php\/wp-json\/wp\/v2\/posts\/2624\/revisions\/2645"}],"wp:featuredmedia":[{"embeddable":true,"href":"http:\/\/evaas.vetagro-sup.fr\/index.php\/wp-json\/wp\/v2\/media\/2628"}],"wp:attachment":[{"href":"http:\/\/evaas.vetagro-sup.fr\/index.php\/wp-json\/wp\/v2\/media?parent=2624"}],"wp:term":[{"taxonomy":"category","embeddable":true,"href":"http:\/\/evaas.vetagro-sup.fr\/index.php\/wp-json\/wp\/v2\/categories?post=2624"},{"taxonomy":"post_tag","embeddable":true,"href":"http:\/\/evaas.vetagro-sup.fr\/index.php\/wp-json\/wp\/v2\/tags?post=2624"}],"curies":[{"name":"wp","href":"https:\/\/api.w.org\/{rel}","templated":true}]}}