{"id":2466,"date":"2022-08-22T15:45:48","date_gmt":"2022-08-22T13:45:48","guid":{"rendered":"http:\/\/evaas.vetagro-sup.fr\/?p=2466"},"modified":"2025-02-18T17:00:52","modified_gmt":"2025-02-18T16:00:52","slug":"journee-du-pole-evaas-2022","status":"publish","type":"post","link":"http:\/\/evaas.vetagro-sup.fr\/index.php\/2022\/08\/22\/journee-du-pole-evaas-2022\/","title":{"rendered":"Journ\u00e9e du p\u00f4le EVAAS 2022"},"content":{"rendered":"\t\t<div data-elementor-type=\"wp-post\" data-elementor-id=\"2466\" class=\"elementor elementor-2466\">\n\t\t\t\t\t\t<section class=\"elementor-section elementor-top-section elementor-element elementor-element-17bdfcc elementor-section-boxed elementor-section-height-default elementor-section-height-default reptro-section-padding-large\" data-id=\"17bdfcc\" data-element_type=\"section\" data-e-type=\"section\">\n\t\t\t\t\t\t<div class=\"elementor-container elementor-column-gap-default\">\n\t\t\t\t\t<div class=\"elementor-column elementor-col-100 elementor-top-column elementor-element elementor-element-06bbeeb\" data-id=\"06bbeeb\" data-element_type=\"column\" data-e-type=\"column\">\n\t\t\t<div class=\"elementor-widget-wrap elementor-element-populated\">\n\t\t\t\t\t\t<div class=\"elementor-element elementor-element-7112951 elementor-widget elementor-widget-text-editor\" data-id=\"7112951\" data-element_type=\"widget\" data-e-type=\"widget\" data-widget_type=\"text-editor.default\">\n\t\t\t\t<div class=\"elementor-widget-container\">\n\t\t\t\t\t\t\t\t\t<p>Comme chaque ann\u00e9e, le <strong>p\u00f4le Expertise V\u00e9t\u00e9rinaire et Agronomique Animaux Sauvages<\/strong> a le plaisir de vous inviter \u00e0 une journ\u00e9e de pr\u00e9sentation de ses activit\u00e9s.<\/p><p>Au programme : une pr\u00e9sentation du p\u00f4le, de ses membres et de son fonctionnement ; les projets en cours pour l&rsquo;expertise pluridisciplinaire, l&rsquo;appui \u00e0 la recherche, la participation \u00e0 la formation ; les perspectives de travail et les offres disponibles sans oublier la visite de la nouvelle salle d&rsquo;autopsie BSL3 de VetAgro Sup.<\/p><p>Cette journ\u00e9e aura lieu le <strong>26 Septembre 2022 <\/strong>de<strong> 13h30 <\/strong>\u00e0<strong> 17h30<\/strong> sur le <strong>campus v\u00e9t\u00e9rinaire <\/strong>de<strong> VetAgro Sup<\/strong>, \u00e0 Marcy l\u2019Etoile. Vous ne pouvez pas vous rendre sur place\u00a0? Pas d\u2019inqui\u00e9tude, les pr\u00e9sentations seront aussi retransmises en int\u00e9gralit\u00e9 par visio-conf\u00e9rence.<\/p><p>Inscription (obligatoire) au lien <a href=\"https:\/\/docs.google.com\/forms\/d\/e\/1FAIpQLSc-1HjVzowb14GBpG1-xPo8UKCWkKPLBdBVNzb0yG1kOSHCMA\/viewform\" target=\"_blank\" rel=\"noopener\">suivant\u00a0<\/a><\/p>\t\t\t\t\t\t\t\t<\/div>\n\t\t\t\t<\/div>\n\t\t\t\t\t<\/div>\n\t\t<\/div>\n\t\t\t\t\t<\/div>\n\t\t<\/section>\n\t\t\t\t<\/div>\n\t\t","protected":false},"excerpt":{"rendered":"<p>Comme chaque ann\u00e9e, le p\u00f4le Expertise V\u00e9t\u00e9rinaire et Agronomique Animaux Sauvages a le plaisir de vous inviter \u00e0 une journ\u00e9e de pr\u00e9sentation de ses activit\u00e9s. Au programme : une pr\u00e9sentation du p\u00f4le, de ses membres et de son fonctionnement ; les projets en cours pour l&rsquo;expertise pluridisciplinaire, l&rsquo;appui \u00e0 la recherche, la participation \u00e0 la&#8230;<\/p>\n","protected":false},"author":1,"featured_media":2477,"comment_status":"open","ping_status":"open","sticky":false,"template":"","format":"standard","meta":{"_monsterinsights_skip_tracking":false,"_uf_show_specific_survey":0,"_uf_disable_surveys":false,"footnotes":""},"categories":[19],"tags":[51,36],"class_list":["post-2466","post","type-post","status-publish","format-standard","has-post-thumbnail","hentry","category-evenements","tag-journee-du-pole","tag-valorisation-scientifique"],"_links":{"self":[{"href":"http:\/\/evaas.vetagro-sup.fr\/index.php\/wp-json\/wp\/v2\/posts\/2466","targetHints":{"allow":["GET"]}}],"collection":[{"href":"http:\/\/evaas.vetagro-sup.fr\/index.php\/wp-json\/wp\/v2\/posts"}],"about":[{"href":"http:\/\/evaas.vetagro-sup.fr\/index.php\/wp-json\/wp\/v2\/types\/post"}],"author":[{"embeddable":true,"href":"http:\/\/evaas.vetagro-sup.fr\/index.php\/wp-json\/wp\/v2\/users\/1"}],"replies":[{"embeddable":true,"href":"http:\/\/evaas.vetagro-sup.fr\/index.php\/wp-json\/wp\/v2\/comments?post=2466"}],"version-history":[{"count":8,"href":"http:\/\/evaas.vetagro-sup.fr\/index.php\/wp-json\/wp\/v2\/posts\/2466\/revisions"}],"predecessor-version":[{"id":3077,"href":"http:\/\/evaas.vetagro-sup.fr\/index.php\/wp-json\/wp\/v2\/posts\/2466\/revisions\/3077"}],"wp:featuredmedia":[{"embeddable":true,"href":"http:\/\/evaas.vetagro-sup.fr\/index.php\/wp-json\/wp\/v2\/media\/2477"}],"wp:attachment":[{"href":"http:\/\/evaas.vetagro-sup.fr\/index.php\/wp-json\/wp\/v2\/media?parent=2466"}],"wp:term":[{"taxonomy":"category","embeddable":true,"href":"http:\/\/evaas.vetagro-sup.fr\/index.php\/wp-json\/wp\/v2\/categories?post=2466"},{"taxonomy":"post_tag","embeddable":true,"href":"http:\/\/evaas.vetagro-sup.fr\/index.php\/wp-json\/wp\/v2\/tags?post=2466"}],"curies":[{"name":"wp","href":"https:\/\/api.w.org\/{rel}","templated":true}]}}