{"id":2441,"date":"2022-06-23T10:24:52","date_gmt":"2022-06-23T08:24:52","guid":{"rendered":"http:\/\/evaas.vetagro-sup.fr\/?p=2441"},"modified":"2025-02-18T17:01:29","modified_gmt":"2025-02-18T16:01:29","slug":"reunion-bilan-au-chene","status":"publish","type":"post","link":"http:\/\/evaas.vetagro-sup.fr\/index.php\/2022\/06\/23\/reunion-bilan-au-chene\/","title":{"rendered":"R\u00e9union bilan au CHENE"},"content":{"rendered":"\t\t<div data-elementor-type=\"wp-post\" data-elementor-id=\"2441\" class=\"elementor elementor-2441\">\n\t\t\t\t\t\t<section class=\"elementor-section elementor-top-section elementor-element elementor-element-901d4bc elementor-section-boxed elementor-section-height-default elementor-section-height-default reptro-section-padding-large\" data-id=\"901d4bc\" data-element_type=\"section\" data-e-type=\"section\">\n\t\t\t\t\t\t<div class=\"elementor-container elementor-column-gap-default\">\n\t\t\t\t\t<div class=\"elementor-column elementor-col-100 elementor-top-column elementor-element elementor-element-fcb42e2\" data-id=\"fcb42e2\" data-element_type=\"column\" data-e-type=\"column\">\n\t\t\t<div class=\"elementor-widget-wrap elementor-element-populated\">\n\t\t\t\t\t\t<div class=\"elementor-element elementor-element-1a0db65 elementor-widget elementor-widget-text-editor\" data-id=\"1a0db65\" data-element_type=\"widget\" data-e-type=\"widget\" data-widget_type=\"text-editor.default\">\n\t\t\t\t<div class=\"elementor-widget-container\">\n\t\t\t\t\t\t\t\t\t<p>Le p\u00f4le EVAAS \u00e9tait de nouveau en visite au CHENE ce Mardi 21 Juin 2022 pour pr\u00e9senter les r\u00e9sultats de l\u2019\u00e9tude consacr\u00e9e \u00e0 la mortalit\u00e9 du h\u00e9risson d\u2019Europe aux \u00e9quipes du CHENE, aux partenaires institutionnels du projet et aux m\u00e9dias. L&rsquo;occasion aussi de discuter des suites de l&rsquo;\u00e9tude.\u00a0<\/p><p>Plus d&rsquo;informations sur <a href=\"https:\/\/www.vetagro-sup.fr\/sante-des-herissons\/\" target=\"_blank\" rel=\"noopener\">https:\/\/www.vetagro-sup.fr\/sante-des-herissons<\/a><\/p>\t\t\t\t\t\t\t\t<\/div>\n\t\t\t\t<\/div>\n\t\t\t\t<div class=\"elementor-element elementor-element-1b1b1ce elementor-widget elementor-widget-image\" data-id=\"1b1b1ce\" data-element_type=\"widget\" data-e-type=\"widget\" data-widget_type=\"image.default\">\n\t\t\t\t<div class=\"elementor-widget-container\">\n\t\t\t\t\t\t\t\t\t\t\t\t\t\t\t<img fetchpriority=\"high\" decoding=\"async\" width=\"640\" height=\"480\" src=\"http:\/\/evaas.vetagro-sup.fr\/wp-content\/uploads\/2022\/06\/thumbnail_image0-1024x768.jpg\" class=\"attachment-large size-large wp-image-2442\" alt=\"\" srcset=\"http:\/\/evaas.vetagro-sup.fr\/wp-content\/uploads\/2022\/06\/thumbnail_image0-1024x768.jpg 1024w, http:\/\/evaas.vetagro-sup.fr\/wp-content\/uploads\/2022\/06\/thumbnail_image0-300x225.jpg 300w, http:\/\/evaas.vetagro-sup.fr\/wp-content\/uploads\/2022\/06\/thumbnail_image0-768x576.jpg 768w, http:\/\/evaas.vetagro-sup.fr\/wp-content\/uploads\/2022\/06\/thumbnail_image0.jpg 1280w\" sizes=\"(max-width: 640px) 100vw, 640px\" \/>\t\t\t\t\t\t\t\t\t\t\t\t\t\t\t<\/div>\n\t\t\t\t<\/div>\n\t\t\t\t\t<\/div>\n\t\t<\/div>\n\t\t\t\t\t<\/div>\n\t\t<\/section>\n\t\t\t\t<\/div>\n\t\t","protected":false},"excerpt":{"rendered":"<p>Le p\u00f4le EVAAS \u00e9tait de nouveau en visite au CHENE ce Mardi 21 Juin 2022 pour pr\u00e9senter les r\u00e9sultats de l\u2019\u00e9tude consacr\u00e9e \u00e0 la mortalit\u00e9 du h\u00e9risson d\u2019Europe aux \u00e9quipes du CHENE, aux partenaires institutionnels du projet et aux m\u00e9dias. L&rsquo;occasion aussi de discuter des suites de l&rsquo;\u00e9tude.\u00a0 Plus d&rsquo;informations sur https:\/\/www.vetagro-sup.fr\/sante-des-herissons<\/p>\n","protected":false},"author":1,"featured_media":2443,"comment_status":"open","ping_status":"open","sticky":false,"template":"","format":"standard","meta":{"_monsterinsights_skip_tracking":false,"_monsterinsights_sitenote_active":false,"_monsterinsights_sitenote_note":"","_monsterinsights_sitenote_category":0,"_uf_show_specific_survey":0,"_uf_disable_surveys":false,"footnotes":""},"categories":[19],"tags":[38],"class_list":["post-2441","post","type-post","status-publish","format-standard","has-post-thumbnail","hentry","category-evenements","tag-herisson-deurope"],"yoast_head":"<!-- This site is optimized with the Yoast SEO plugin v27.5 - https:\/\/yoast.com\/product\/yoast-seo-wordpress\/ -->\n<title>R\u00e9union bilan au CHENE - EVAAS<\/title>\n<meta name=\"description\" content=\"Le p\u00f4le EVAAS \u00e9tait de nouveau en visite au CHENE ce Mardi 21 Juin 2022 pour pr\u00e9senter les r\u00e9sultats de l\u2019\u00e9tude consacr\u00e9e \u00e0 la mortalit\u00e9 du h\u00e9risson\" \/>\n<meta name=\"robots\" content=\"index, follow, max-snippet:-1, max-image-preview:large, max-video-preview:-1\" \/>\n<link rel=\"canonical\" href=\"http:\/\/evaas.vetagro-sup.fr\/index.php\/2022\/06\/23\/reunion-bilan-au-chene\/\" \/>\n<meta property=\"og:locale\" content=\"fr_FR\" \/>\n<meta property=\"og:type\" content=\"article\" \/>\n<meta property=\"og:title\" content=\"R\u00e9union bilan au CHENE - EVAAS\" \/>\n<meta property=\"og:description\" content=\"Le p\u00f4le EVAAS \u00e9tait de nouveau en visite au CHENE ce Mardi 21 Juin 2022 pour pr\u00e9senter les r\u00e9sultats de l\u2019\u00e9tude consacr\u00e9e \u00e0 la mortalit\u00e9 du h\u00e9risson\" \/>\n<meta property=\"og:url\" content=\"http:\/\/evaas.vetagro-sup.fr\/index.php\/2022\/06\/23\/reunion-bilan-au-chene\/\" \/>\n<meta property=\"og:site_name\" content=\"EVAAS\" \/>\n<meta property=\"article:published_time\" content=\"2022-06-23T08:24:52+00:00\" \/>\n<meta property=\"article:modified_time\" content=\"2025-02-18T16:01:29+00:00\" \/>\n<meta property=\"og:image\" content=\"http:\/\/evaas.vetagro-sup.fr\/wp-content\/uploads\/2022\/06\/thumbnail_IMG_9798.jpg\" \/>\n\t<meta property=\"og:image:width\" content=\"1280\" \/>\n\t<meta property=\"og:image:height\" content=\"960\" \/>\n\t<meta property=\"og:image:type\" content=\"image\/jpeg\" \/>\n<meta name=\"author\" content=\"evaas-admin\" \/>\n<meta name=\"twitter:card\" content=\"summary_large_image\" \/>\n<meta name=\"twitter:label1\" content=\"\u00c9crit par\" \/>\n\t<meta name=\"twitter:data1\" content=\"evaas-admin\" \/>\n\t<meta name=\"twitter:label2\" content=\"Dur\u00e9e de lecture estim\u00e9e\" \/>\n\t<meta name=\"twitter:data2\" content=\"1 minute\" \/>\n<script type=\"application\/ld+json\" class=\"yoast-schema-graph\">{\"@context\":\"https:\\\/\\\/schema.org\",\"@graph\":[{\"@type\":\"Article\",\"@id\":\"http:\\\/\\\/evaas.vetagro-sup.fr\\\/index.php\\\/2022\\\/06\\\/23\\\/reunion-bilan-au-chene\\\/#article\",\"isPartOf\":{\"@id\":\"http:\\\/\\\/evaas.vetagro-sup.fr\\\/index.php\\\/2022\\\/06\\\/23\\\/reunion-bilan-au-chene\\\/\"},\"author\":{\"name\":\"evaas-admin\",\"@id\":\"http:\\\/\\\/evaas.vetagro-sup.fr\\\/#\\\/schema\\\/person\\\/39f69ac7780ac371f9ef27b9d4d91507\"},\"headline\":\"R\u00e9union bilan au CHENE\",\"datePublished\":\"2022-06-23T08:24:52+00:00\",\"dateModified\":\"2025-02-18T16:01:29+00:00\",\"mainEntityOfPage\":{\"@id\":\"http:\\\/\\\/evaas.vetagro-sup.fr\\\/index.php\\\/2022\\\/06\\\/23\\\/reunion-bilan-au-chene\\\/\"},\"wordCount\":69,\"commentCount\":0,\"publisher\":{\"@id\":\"http:\\\/\\\/evaas.vetagro-sup.fr\\\/#organization\"},\"image\":{\"@id\":\"http:\\\/\\\/evaas.vetagro-sup.fr\\\/index.php\\\/2022\\\/06\\\/23\\\/reunion-bilan-au-chene\\\/#primaryimage\"},\"thumbnailUrl\":\"http:\\\/\\\/evaas.vetagro-sup.fr\\\/wp-content\\\/uploads\\\/2022\\\/06\\\/thumbnail_IMG_9798.jpg\",\"keywords\":[\"H\u00e9risson d'Europe\"],\"articleSection\":[\"Ev\u00e8nements\"],\"inLanguage\":\"fr-FR\",\"potentialAction\":[{\"@type\":\"CommentAction\",\"name\":\"Comment\",\"target\":[\"http:\\\/\\\/evaas.vetagro-sup.fr\\\/index.php\\\/2022\\\/06\\\/23\\\/reunion-bilan-au-chene\\\/#respond\"]}]},{\"@type\":\"WebPage\",\"@id\":\"http:\\\/\\\/evaas.vetagro-sup.fr\\\/index.php\\\/2022\\\/06\\\/23\\\/reunion-bilan-au-chene\\\/\",\"url\":\"http:\\\/\\\/evaas.vetagro-sup.fr\\\/index.php\\\/2022\\\/06\\\/23\\\/reunion-bilan-au-chene\\\/\",\"name\":\"R\u00e9union bilan au CHENE - EVAAS\",\"isPartOf\":{\"@id\":\"http:\\\/\\\/evaas.vetagro-sup.fr\\\/#website\"},\"primaryImageOfPage\":{\"@id\":\"http:\\\/\\\/evaas.vetagro-sup.fr\\\/index.php\\\/2022\\\/06\\\/23\\\/reunion-bilan-au-chene\\\/#primaryimage\"},\"image\":{\"@id\":\"http:\\\/\\\/evaas.vetagro-sup.fr\\\/index.php\\\/2022\\\/06\\\/23\\\/reunion-bilan-au-chene\\\/#primaryimage\"},\"thumbnailUrl\":\"http:\\\/\\\/evaas.vetagro-sup.fr\\\/wp-content\\\/uploads\\\/2022\\\/06\\\/thumbnail_IMG_9798.jpg\",\"datePublished\":\"2022-06-23T08:24:52+00:00\",\"dateModified\":\"2025-02-18T16:01:29+00:00\",\"description\":\"Le p\u00f4le EVAAS \u00e9tait de nouveau en visite au CHENE ce Mardi 21 Juin 2022 pour pr\u00e9senter les r\u00e9sultats de l\u2019\u00e9tude consacr\u00e9e \u00e0 la mortalit\u00e9 du h\u00e9risson\",\"breadcrumb\":{\"@id\":\"http:\\\/\\\/evaas.vetagro-sup.fr\\\/index.php\\\/2022\\\/06\\\/23\\\/reunion-bilan-au-chene\\\/#breadcrumb\"},\"inLanguage\":\"fr-FR\",\"potentialAction\":[{\"@type\":\"ReadAction\",\"target\":[\"http:\\\/\\\/evaas.vetagro-sup.fr\\\/index.php\\\/2022\\\/06\\\/23\\\/reunion-bilan-au-chene\\\/\"]}]},{\"@type\":\"ImageObject\",\"inLanguage\":\"fr-FR\",\"@id\":\"http:\\\/\\\/evaas.vetagro-sup.fr\\\/index.php\\\/2022\\\/06\\\/23\\\/reunion-bilan-au-chene\\\/#primaryimage\",\"url\":\"http:\\\/\\\/evaas.vetagro-sup.fr\\\/wp-content\\\/uploads\\\/2022\\\/06\\\/thumbnail_IMG_9798.jpg\",\"contentUrl\":\"http:\\\/\\\/evaas.vetagro-sup.fr\\\/wp-content\\\/uploads\\\/2022\\\/06\\\/thumbnail_IMG_9798.jpg\",\"width\":1280,\"height\":960},{\"@type\":\"BreadcrumbList\",\"@id\":\"http:\\\/\\\/evaas.vetagro-sup.fr\\\/index.php\\\/2022\\\/06\\\/23\\\/reunion-bilan-au-chene\\\/#breadcrumb\",\"itemListElement\":[{\"@type\":\"ListItem\",\"position\":1,\"name\":\"Accueil\",\"item\":\"http:\\\/\\\/evaas.vetagro-sup.fr\\\/\"},{\"@type\":\"ListItem\",\"position\":2,\"name\":\"R\u00e9union bilan au CHENE\"}]},{\"@type\":\"WebSite\",\"@id\":\"http:\\\/\\\/evaas.vetagro-sup.fr\\\/#website\",\"url\":\"http:\\\/\\\/evaas.vetagro-sup.fr\\\/\",\"name\":\"EVAAS\",\"description\":\"Expertise scientifique collective multidisciplinaire en sant\u00e9 de la faune sauvage\",\"publisher\":{\"@id\":\"http:\\\/\\\/evaas.vetagro-sup.fr\\\/#organization\"},\"potentialAction\":[{\"@type\":\"SearchAction\",\"target\":{\"@type\":\"EntryPoint\",\"urlTemplate\":\"http:\\\/\\\/evaas.vetagro-sup.fr\\\/?s={search_term_string}\"},\"query-input\":{\"@type\":\"PropertyValueSpecification\",\"valueRequired\":true,\"valueName\":\"search_term_string\"}}],\"inLanguage\":\"fr-FR\"},{\"@type\":\"Organization\",\"@id\":\"http:\\\/\\\/evaas.vetagro-sup.fr\\\/#organization\",\"name\":\"P\u00f4le EVAAS\",\"url\":\"http:\\\/\\\/evaas.vetagro-sup.fr\\\/\",\"logo\":{\"@type\":\"ImageObject\",\"inLanguage\":\"fr-FR\",\"@id\":\"http:\\\/\\\/evaas.vetagro-sup.fr\\\/#\\\/schema\\\/logo\\\/image\\\/\",\"url\":\"http:\\\/\\\/evaas.vetagro-sup.fr\\\/wp-content\\\/uploads\\\/2018\\\/10\\\/logo_EVAAS_ecran_sans_fond-e1539174118936.png\",\"contentUrl\":\"http:\\\/\\\/evaas.vetagro-sup.fr\\\/wp-content\\\/uploads\\\/2018\\\/10\\\/logo_EVAAS_ecran_sans_fond-e1539174118936.png\",\"width\":387,\"height\":150,\"caption\":\"P\u00f4le EVAAS\"},\"image\":{\"@id\":\"http:\\\/\\\/evaas.vetagro-sup.fr\\\/#\\\/schema\\\/logo\\\/image\\\/\"}},{\"@type\":\"Person\",\"@id\":\"http:\\\/\\\/evaas.vetagro-sup.fr\\\/#\\\/schema\\\/person\\\/39f69ac7780ac371f9ef27b9d4d91507\",\"name\":\"evaas-admin\",\"image\":{\"@type\":\"ImageObject\",\"inLanguage\":\"fr-FR\",\"@id\":\"https:\\\/\\\/secure.gravatar.com\\\/avatar\\\/be92b5b6d77942219df2ecf66ba3207feb2e7c5d543d0411293de093ed0c1dd3?s=96&d=mm&r=g\",\"url\":\"https:\\\/\\\/secure.gravatar.com\\\/avatar\\\/be92b5b6d77942219df2ecf66ba3207feb2e7c5d543d0411293de093ed0c1dd3?s=96&d=mm&r=g\",\"contentUrl\":\"https:\\\/\\\/secure.gravatar.com\\\/avatar\\\/be92b5b6d77942219df2ecf66ba3207feb2e7c5d543d0411293de093ed0c1dd3?s=96&d=mm&r=g\",\"caption\":\"evaas-admin\"},\"url\":\"http:\\\/\\\/evaas.vetagro-sup.fr\\\/index.php\\\/author\\\/evaas-admin\\\/\"}]}<\/script>\n<!-- \/ Yoast SEO plugin. -->","yoast_head_json":{"title":"R\u00e9union bilan au CHENE - EVAAS","description":"Le p\u00f4le EVAAS \u00e9tait de nouveau en visite au CHENE ce Mardi 21 Juin 2022 pour pr\u00e9senter les r\u00e9sultats de l\u2019\u00e9tude consacr\u00e9e \u00e0 la mortalit\u00e9 du h\u00e9risson","robots":{"index":"index","follow":"follow","max-snippet":"max-snippet:-1","max-image-preview":"max-image-preview:large","max-video-preview":"max-video-preview:-1"},"canonical":"http:\/\/evaas.vetagro-sup.fr\/index.php\/2022\/06\/23\/reunion-bilan-au-chene\/","og_locale":"fr_FR","og_type":"article","og_title":"R\u00e9union bilan au CHENE - EVAAS","og_description":"Le p\u00f4le EVAAS \u00e9tait de nouveau en visite au CHENE ce Mardi 21 Juin 2022 pour pr\u00e9senter les r\u00e9sultats de l\u2019\u00e9tude consacr\u00e9e \u00e0 la mortalit\u00e9 du h\u00e9risson","og_url":"http:\/\/evaas.vetagro-sup.fr\/index.php\/2022\/06\/23\/reunion-bilan-au-chene\/","og_site_name":"EVAAS","article_published_time":"2022-06-23T08:24:52+00:00","article_modified_time":"2025-02-18T16:01:29+00:00","og_image":[{"width":1280,"height":960,"url":"http:\/\/evaas.vetagro-sup.fr\/wp-content\/uploads\/2022\/06\/thumbnail_IMG_9798.jpg","type":"image\/jpeg"}],"author":"evaas-admin","twitter_card":"summary_large_image","twitter_misc":{"\u00c9crit par":"evaas-admin","Dur\u00e9e de lecture estim\u00e9e":"1 minute"},"schema":{"@context":"https:\/\/schema.org","@graph":[{"@type":"Article","@id":"http:\/\/evaas.vetagro-sup.fr\/index.php\/2022\/06\/23\/reunion-bilan-au-chene\/#article","isPartOf":{"@id":"http:\/\/evaas.vetagro-sup.fr\/index.php\/2022\/06\/23\/reunion-bilan-au-chene\/"},"author":{"name":"evaas-admin","@id":"http:\/\/evaas.vetagro-sup.fr\/#\/schema\/person\/39f69ac7780ac371f9ef27b9d4d91507"},"headline":"R\u00e9union bilan au CHENE","datePublished":"2022-06-23T08:24:52+00:00","dateModified":"2025-02-18T16:01:29+00:00","mainEntityOfPage":{"@id":"http:\/\/evaas.vetagro-sup.fr\/index.php\/2022\/06\/23\/reunion-bilan-au-chene\/"},"wordCount":69,"commentCount":0,"publisher":{"@id":"http:\/\/evaas.vetagro-sup.fr\/#organization"},"image":{"@id":"http:\/\/evaas.vetagro-sup.fr\/index.php\/2022\/06\/23\/reunion-bilan-au-chene\/#primaryimage"},"thumbnailUrl":"http:\/\/evaas.vetagro-sup.fr\/wp-content\/uploads\/2022\/06\/thumbnail_IMG_9798.jpg","keywords":["H\u00e9risson d'Europe"],"articleSection":["Ev\u00e8nements"],"inLanguage":"fr-FR","potentialAction":[{"@type":"CommentAction","name":"Comment","target":["http:\/\/evaas.vetagro-sup.fr\/index.php\/2022\/06\/23\/reunion-bilan-au-chene\/#respond"]}]},{"@type":"WebPage","@id":"http:\/\/evaas.vetagro-sup.fr\/index.php\/2022\/06\/23\/reunion-bilan-au-chene\/","url":"http:\/\/evaas.vetagro-sup.fr\/index.php\/2022\/06\/23\/reunion-bilan-au-chene\/","name":"R\u00e9union bilan au CHENE - EVAAS","isPartOf":{"@id":"http:\/\/evaas.vetagro-sup.fr\/#website"},"primaryImageOfPage":{"@id":"http:\/\/evaas.vetagro-sup.fr\/index.php\/2022\/06\/23\/reunion-bilan-au-chene\/#primaryimage"},"image":{"@id":"http:\/\/evaas.vetagro-sup.fr\/index.php\/2022\/06\/23\/reunion-bilan-au-chene\/#primaryimage"},"thumbnailUrl":"http:\/\/evaas.vetagro-sup.fr\/wp-content\/uploads\/2022\/06\/thumbnail_IMG_9798.jpg","datePublished":"2022-06-23T08:24:52+00:00","dateModified":"2025-02-18T16:01:29+00:00","description":"Le p\u00f4le EVAAS \u00e9tait de nouveau en visite au CHENE ce Mardi 21 Juin 2022 pour pr\u00e9senter les r\u00e9sultats de l\u2019\u00e9tude consacr\u00e9e \u00e0 la mortalit\u00e9 du h\u00e9risson","breadcrumb":{"@id":"http:\/\/evaas.vetagro-sup.fr\/index.php\/2022\/06\/23\/reunion-bilan-au-chene\/#breadcrumb"},"inLanguage":"fr-FR","potentialAction":[{"@type":"ReadAction","target":["http:\/\/evaas.vetagro-sup.fr\/index.php\/2022\/06\/23\/reunion-bilan-au-chene\/"]}]},{"@type":"ImageObject","inLanguage":"fr-FR","@id":"http:\/\/evaas.vetagro-sup.fr\/index.php\/2022\/06\/23\/reunion-bilan-au-chene\/#primaryimage","url":"http:\/\/evaas.vetagro-sup.fr\/wp-content\/uploads\/2022\/06\/thumbnail_IMG_9798.jpg","contentUrl":"http:\/\/evaas.vetagro-sup.fr\/wp-content\/uploads\/2022\/06\/thumbnail_IMG_9798.jpg","width":1280,"height":960},{"@type":"BreadcrumbList","@id":"http:\/\/evaas.vetagro-sup.fr\/index.php\/2022\/06\/23\/reunion-bilan-au-chene\/#breadcrumb","itemListElement":[{"@type":"ListItem","position":1,"name":"Accueil","item":"http:\/\/evaas.vetagro-sup.fr\/"},{"@type":"ListItem","position":2,"name":"R\u00e9union bilan au CHENE"}]},{"@type":"WebSite","@id":"http:\/\/evaas.vetagro-sup.fr\/#website","url":"http:\/\/evaas.vetagro-sup.fr\/","name":"EVAAS","description":"Expertise scientifique collective multidisciplinaire en sant\u00e9 de la faune sauvage","publisher":{"@id":"http:\/\/evaas.vetagro-sup.fr\/#organization"},"potentialAction":[{"@type":"SearchAction","target":{"@type":"EntryPoint","urlTemplate":"http:\/\/evaas.vetagro-sup.fr\/?s={search_term_string}"},"query-input":{"@type":"PropertyValueSpecification","valueRequired":true,"valueName":"search_term_string"}}],"inLanguage":"fr-FR"},{"@type":"Organization","@id":"http:\/\/evaas.vetagro-sup.fr\/#organization","name":"P\u00f4le EVAAS","url":"http:\/\/evaas.vetagro-sup.fr\/","logo":{"@type":"ImageObject","inLanguage":"fr-FR","@id":"http:\/\/evaas.vetagro-sup.fr\/#\/schema\/logo\/image\/","url":"http:\/\/evaas.vetagro-sup.fr\/wp-content\/uploads\/2018\/10\/logo_EVAAS_ecran_sans_fond-e1539174118936.png","contentUrl":"http:\/\/evaas.vetagro-sup.fr\/wp-content\/uploads\/2018\/10\/logo_EVAAS_ecran_sans_fond-e1539174118936.png","width":387,"height":150,"caption":"P\u00f4le EVAAS"},"image":{"@id":"http:\/\/evaas.vetagro-sup.fr\/#\/schema\/logo\/image\/"}},{"@type":"Person","@id":"http:\/\/evaas.vetagro-sup.fr\/#\/schema\/person\/39f69ac7780ac371f9ef27b9d4d91507","name":"evaas-admin","image":{"@type":"ImageObject","inLanguage":"fr-FR","@id":"https:\/\/secure.gravatar.com\/avatar\/be92b5b6d77942219df2ecf66ba3207feb2e7c5d543d0411293de093ed0c1dd3?s=96&d=mm&r=g","url":"https:\/\/secure.gravatar.com\/avatar\/be92b5b6d77942219df2ecf66ba3207feb2e7c5d543d0411293de093ed0c1dd3?s=96&d=mm&r=g","contentUrl":"https:\/\/secure.gravatar.com\/avatar\/be92b5b6d77942219df2ecf66ba3207feb2e7c5d543d0411293de093ed0c1dd3?s=96&d=mm&r=g","caption":"evaas-admin"},"url":"http:\/\/evaas.vetagro-sup.fr\/index.php\/author\/evaas-admin\/"}]}},"_links":{"self":[{"href":"http:\/\/evaas.vetagro-sup.fr\/index.php\/wp-json\/wp\/v2\/posts\/2441","targetHints":{"allow":["GET"]}}],"collection":[{"href":"http:\/\/evaas.vetagro-sup.fr\/index.php\/wp-json\/wp\/v2\/posts"}],"about":[{"href":"http:\/\/evaas.vetagro-sup.fr\/index.php\/wp-json\/wp\/v2\/types\/post"}],"author":[{"embeddable":true,"href":"http:\/\/evaas.vetagro-sup.fr\/index.php\/wp-json\/wp\/v2\/users\/1"}],"replies":[{"embeddable":true,"href":"http:\/\/evaas.vetagro-sup.fr\/index.php\/wp-json\/wp\/v2\/comments?post=2441"}],"version-history":[{"count":13,"href":"http:\/\/evaas.vetagro-sup.fr\/index.php\/wp-json\/wp\/v2\/posts\/2441\/revisions"}],"predecessor-version":[{"id":2459,"href":"http:\/\/evaas.vetagro-sup.fr\/index.php\/wp-json\/wp\/v2\/posts\/2441\/revisions\/2459"}],"wp:featuredmedia":[{"embeddable":true,"href":"http:\/\/evaas.vetagro-sup.fr\/index.php\/wp-json\/wp\/v2\/media\/2443"}],"wp:attachment":[{"href":"http:\/\/evaas.vetagro-sup.fr\/index.php\/wp-json\/wp\/v2\/media?parent=2441"}],"wp:term":[{"taxonomy":"category","embeddable":true,"href":"http:\/\/evaas.vetagro-sup.fr\/index.php\/wp-json\/wp\/v2\/categories?post=2441"},{"taxonomy":"post_tag","embeddable":true,"href":"http:\/\/evaas.vetagro-sup.fr\/index.php\/wp-json\/wp\/v2\/tags?post=2441"}],"curies":[{"name":"wp","href":"https:\/\/api.w.org\/{rel}","templated":true}]}}