{"id":2374,"date":"2022-02-11T13:36:20","date_gmt":"2022-02-11T12:36:20","guid":{"rendered":"http:\/\/evaas.vetagro-sup.fr\/?p=2374"},"modified":"2025-02-18T17:01:43","modified_gmt":"2025-02-18T16:01:43","slug":"captures-chevreuils","status":"publish","type":"post","link":"http:\/\/evaas.vetagro-sup.fr\/index.php\/2022\/02\/11\/captures-chevreuils\/","title":{"rendered":"Reprises chevreuils"},"content":{"rendered":"\t\t<div data-elementor-type=\"wp-post\" data-elementor-id=\"2374\" class=\"elementor elementor-2374\">\n\t\t\t\t\t\t<section class=\"elementor-section elementor-top-section elementor-element elementor-element-6b6a783 elementor-section-boxed elementor-section-height-default elementor-section-height-default reptro-section-padding-large\" data-id=\"6b6a783\" data-element_type=\"section\" data-e-type=\"section\">\n\t\t\t\t\t\t<div class=\"elementor-container elementor-column-gap-default\">\n\t\t\t\t\t<div class=\"elementor-column elementor-col-100 elementor-top-column elementor-element elementor-element-42e8b6f\" data-id=\"42e8b6f\" data-element_type=\"column\" data-e-type=\"column\">\n\t\t\t<div class=\"elementor-widget-wrap elementor-element-populated\">\n\t\t\t\t\t\t<div class=\"elementor-element elementor-element-e84e0d8 elementor-widget elementor-widget-text-editor\" data-id=\"e84e0d8\" data-element_type=\"widget\" data-e-type=\"widget\" data-widget_type=\"text-editor.default\">\n\t\t\t\t<div class=\"elementor-widget-container\">\n\t\t\t\t\t\t\t\t\t<p>Cet hiver, le p\u00f4le EVAAS \u00e9tait sur le terrain aux c\u00f4t\u00e9s des \u00e9quipes de l&rsquo;OFB et du LBBE pour les reprises de chevreuils dans le cadre du suivi longitudinal des populations des sites naturels de Chiz\u00e9 et de Trois-Fontaines.<\/p><p>L&rsquo;occasion de participer \u00e0 la capture et \u00e0 la manipulation des animaux, d&rsquo;aider aux diff\u00e9rents pr\u00e9l\u00e8vements biologiques et de r\u00e9aliser les soins v\u00e9t\u00e9rinaires n\u00e9cessaires.<\/p><p>Cr\u00e9dit photo : A. HAMON<\/p>\t\t\t\t\t\t\t\t<\/div>\n\t\t\t\t<\/div>\n\t\t\t\t\t<\/div>\n\t\t<\/div>\n\t\t\t\t\t<\/div>\n\t\t<\/section>\n\t\t\t\t<\/div>\n\t\t","protected":false},"excerpt":{"rendered":"<p>Cet hiver, le p\u00f4le EVAAS \u00e9tait sur le terrain aux c\u00f4t\u00e9s des \u00e9quipes de l&rsquo;OFB et du LBBE pour les reprises de chevreuils dans le cadre du suivi longitudinal des populations des sites naturels de Chiz\u00e9 et de Trois-Fontaines. L&rsquo;occasion de participer \u00e0 la capture et \u00e0 la manipulation des animaux, d&rsquo;aider aux diff\u00e9rents pr\u00e9l\u00e8vements&#8230;<\/p>\n","protected":false},"author":1,"featured_media":2377,"comment_status":"open","ping_status":"open","sticky":false,"template":"","format":"standard","meta":{"_monsterinsights_skip_tracking":false,"_monsterinsights_sitenote_active":false,"_monsterinsights_sitenote_note":"","_monsterinsights_sitenote_category":0,"_uf_show_specific_survey":0,"_uf_disable_surveys":false,"footnotes":""},"categories":[4],"tags":[54,53,55],"class_list":["post-2374","post","type-post","status-publish","format-standard","has-post-thumbnail","hentry","category-expertise","tag-capture","tag-chevreuil-deurope","tag-programme-scientifique"],"yoast_head":"<!-- This site is optimized with the Yoast SEO plugin v27.5 - https:\/\/yoast.com\/product\/yoast-seo-wordpress\/ -->\n<title>Reprises chevreuils - EVAAS<\/title>\n<meta name=\"description\" content=\"Cet hiver, le p\u00f4le EVAAS \u00e9tait sur le terrain aux c\u00f4t\u00e9s des \u00e9quipes de l&#039;OFB et du LBBE pour les reprises de chevreuils dans le cadre du suivi\" \/>\n<meta name=\"robots\" content=\"index, follow, max-snippet:-1, max-image-preview:large, max-video-preview:-1\" \/>\n<link rel=\"canonical\" href=\"http:\/\/evaas.vetagro-sup.fr\/index.php\/2022\/02\/11\/captures-chevreuils\/\" \/>\n<meta property=\"og:locale\" content=\"fr_FR\" \/>\n<meta property=\"og:type\" content=\"article\" \/>\n<meta property=\"og:title\" content=\"Reprises chevreuils - EVAAS\" \/>\n<meta property=\"og:description\" content=\"Cet hiver, le p\u00f4le EVAAS \u00e9tait sur le terrain aux c\u00f4t\u00e9s des \u00e9quipes de l&#039;OFB et du LBBE pour les reprises de chevreuils dans le cadre du suivi\" \/>\n<meta property=\"og:url\" content=\"http:\/\/evaas.vetagro-sup.fr\/index.php\/2022\/02\/11\/captures-chevreuils\/\" \/>\n<meta property=\"og:site_name\" content=\"EVAAS\" \/>\n<meta property=\"article:published_time\" content=\"2022-02-11T12:36:20+00:00\" \/>\n<meta property=\"article:modified_time\" content=\"2025-02-18T16:01:43+00:00\" \/>\n<meta property=\"og:image\" content=\"http:\/\/evaas.vetagro-sup.fr\/wp-content\/uploads\/2022\/02\/IMG-20210217-WA0008.jpg\" \/>\n\t<meta property=\"og:image:width\" content=\"1200\" \/>\n\t<meta property=\"og:image:height\" content=\"1600\" \/>\n\t<meta property=\"og:image:type\" content=\"image\/jpeg\" \/>\n<meta name=\"author\" content=\"evaas-admin\" \/>\n<meta name=\"twitter:card\" content=\"summary_large_image\" \/>\n<meta name=\"twitter:label1\" content=\"\u00c9crit par\" \/>\n\t<meta name=\"twitter:data1\" content=\"evaas-admin\" \/>\n\t<meta name=\"twitter:label2\" content=\"Dur\u00e9e de lecture estim\u00e9e\" \/>\n\t<meta name=\"twitter:data2\" content=\"1 minute\" \/>\n<script type=\"application\/ld+json\" class=\"yoast-schema-graph\">{\"@context\":\"https:\\\/\\\/schema.org\",\"@graph\":[{\"@type\":\"Article\",\"@id\":\"http:\\\/\\\/evaas.vetagro-sup.fr\\\/index.php\\\/2022\\\/02\\\/11\\\/captures-chevreuils\\\/#article\",\"isPartOf\":{\"@id\":\"http:\\\/\\\/evaas.vetagro-sup.fr\\\/index.php\\\/2022\\\/02\\\/11\\\/captures-chevreuils\\\/\"},\"author\":{\"name\":\"evaas-admin\",\"@id\":\"http:\\\/\\\/evaas.vetagro-sup.fr\\\/#\\\/schema\\\/person\\\/39f69ac7780ac371f9ef27b9d4d91507\"},\"headline\":\"Reprises chevreuils\",\"datePublished\":\"2022-02-11T12:36:20+00:00\",\"dateModified\":\"2025-02-18T16:01:43+00:00\",\"mainEntityOfPage\":{\"@id\":\"http:\\\/\\\/evaas.vetagro-sup.fr\\\/index.php\\\/2022\\\/02\\\/11\\\/captures-chevreuils\\\/\"},\"wordCount\":81,\"commentCount\":0,\"publisher\":{\"@id\":\"http:\\\/\\\/evaas.vetagro-sup.fr\\\/#organization\"},\"image\":{\"@id\":\"http:\\\/\\\/evaas.vetagro-sup.fr\\\/index.php\\\/2022\\\/02\\\/11\\\/captures-chevreuils\\\/#primaryimage\"},\"thumbnailUrl\":\"http:\\\/\\\/evaas.vetagro-sup.fr\\\/wp-content\\\/uploads\\\/2022\\\/02\\\/IMG-20210217-WA0008.jpg\",\"keywords\":[\"capture\",\"Chevreuil d'Europe\",\"programme scientifique\"],\"articleSection\":[\"Expertise\"],\"inLanguage\":\"fr-FR\",\"potentialAction\":[{\"@type\":\"CommentAction\",\"name\":\"Comment\",\"target\":[\"http:\\\/\\\/evaas.vetagro-sup.fr\\\/index.php\\\/2022\\\/02\\\/11\\\/captures-chevreuils\\\/#respond\"]}]},{\"@type\":\"WebPage\",\"@id\":\"http:\\\/\\\/evaas.vetagro-sup.fr\\\/index.php\\\/2022\\\/02\\\/11\\\/captures-chevreuils\\\/\",\"url\":\"http:\\\/\\\/evaas.vetagro-sup.fr\\\/index.php\\\/2022\\\/02\\\/11\\\/captures-chevreuils\\\/\",\"name\":\"Reprises chevreuils - EVAAS\",\"isPartOf\":{\"@id\":\"http:\\\/\\\/evaas.vetagro-sup.fr\\\/#website\"},\"primaryImageOfPage\":{\"@id\":\"http:\\\/\\\/evaas.vetagro-sup.fr\\\/index.php\\\/2022\\\/02\\\/11\\\/captures-chevreuils\\\/#primaryimage\"},\"image\":{\"@id\":\"http:\\\/\\\/evaas.vetagro-sup.fr\\\/index.php\\\/2022\\\/02\\\/11\\\/captures-chevreuils\\\/#primaryimage\"},\"thumbnailUrl\":\"http:\\\/\\\/evaas.vetagro-sup.fr\\\/wp-content\\\/uploads\\\/2022\\\/02\\\/IMG-20210217-WA0008.jpg\",\"datePublished\":\"2022-02-11T12:36:20+00:00\",\"dateModified\":\"2025-02-18T16:01:43+00:00\",\"description\":\"Cet hiver, le p\u00f4le EVAAS \u00e9tait sur le terrain aux c\u00f4t\u00e9s des \u00e9quipes de l'OFB et du LBBE pour les reprises de chevreuils dans le cadre du suivi\",\"breadcrumb\":{\"@id\":\"http:\\\/\\\/evaas.vetagro-sup.fr\\\/index.php\\\/2022\\\/02\\\/11\\\/captures-chevreuils\\\/#breadcrumb\"},\"inLanguage\":\"fr-FR\",\"potentialAction\":[{\"@type\":\"ReadAction\",\"target\":[\"http:\\\/\\\/evaas.vetagro-sup.fr\\\/index.php\\\/2022\\\/02\\\/11\\\/captures-chevreuils\\\/\"]}]},{\"@type\":\"ImageObject\",\"inLanguage\":\"fr-FR\",\"@id\":\"http:\\\/\\\/evaas.vetagro-sup.fr\\\/index.php\\\/2022\\\/02\\\/11\\\/captures-chevreuils\\\/#primaryimage\",\"url\":\"http:\\\/\\\/evaas.vetagro-sup.fr\\\/wp-content\\\/uploads\\\/2022\\\/02\\\/IMG-20210217-WA0008.jpg\",\"contentUrl\":\"http:\\\/\\\/evaas.vetagro-sup.fr\\\/wp-content\\\/uploads\\\/2022\\\/02\\\/IMG-20210217-WA0008.jpg\",\"width\":1200,\"height\":1600},{\"@type\":\"BreadcrumbList\",\"@id\":\"http:\\\/\\\/evaas.vetagro-sup.fr\\\/index.php\\\/2022\\\/02\\\/11\\\/captures-chevreuils\\\/#breadcrumb\",\"itemListElement\":[{\"@type\":\"ListItem\",\"position\":1,\"name\":\"Accueil\",\"item\":\"http:\\\/\\\/evaas.vetagro-sup.fr\\\/\"},{\"@type\":\"ListItem\",\"position\":2,\"name\":\"Reprises chevreuils\"}]},{\"@type\":\"WebSite\",\"@id\":\"http:\\\/\\\/evaas.vetagro-sup.fr\\\/#website\",\"url\":\"http:\\\/\\\/evaas.vetagro-sup.fr\\\/\",\"name\":\"EVAAS\",\"description\":\"Expertise scientifique collective multidisciplinaire en sant\u00e9 de la faune sauvage\",\"publisher\":{\"@id\":\"http:\\\/\\\/evaas.vetagro-sup.fr\\\/#organization\"},\"potentialAction\":[{\"@type\":\"SearchAction\",\"target\":{\"@type\":\"EntryPoint\",\"urlTemplate\":\"http:\\\/\\\/evaas.vetagro-sup.fr\\\/?s={search_term_string}\"},\"query-input\":{\"@type\":\"PropertyValueSpecification\",\"valueRequired\":true,\"valueName\":\"search_term_string\"}}],\"inLanguage\":\"fr-FR\"},{\"@type\":\"Organization\",\"@id\":\"http:\\\/\\\/evaas.vetagro-sup.fr\\\/#organization\",\"name\":\"P\u00f4le EVAAS\",\"url\":\"http:\\\/\\\/evaas.vetagro-sup.fr\\\/\",\"logo\":{\"@type\":\"ImageObject\",\"inLanguage\":\"fr-FR\",\"@id\":\"http:\\\/\\\/evaas.vetagro-sup.fr\\\/#\\\/schema\\\/logo\\\/image\\\/\",\"url\":\"http:\\\/\\\/evaas.vetagro-sup.fr\\\/wp-content\\\/uploads\\\/2018\\\/10\\\/logo_EVAAS_ecran_sans_fond-e1539174118936.png\",\"contentUrl\":\"http:\\\/\\\/evaas.vetagro-sup.fr\\\/wp-content\\\/uploads\\\/2018\\\/10\\\/logo_EVAAS_ecran_sans_fond-e1539174118936.png\",\"width\":387,\"height\":150,\"caption\":\"P\u00f4le EVAAS\"},\"image\":{\"@id\":\"http:\\\/\\\/evaas.vetagro-sup.fr\\\/#\\\/schema\\\/logo\\\/image\\\/\"}},{\"@type\":\"Person\",\"@id\":\"http:\\\/\\\/evaas.vetagro-sup.fr\\\/#\\\/schema\\\/person\\\/39f69ac7780ac371f9ef27b9d4d91507\",\"name\":\"evaas-admin\",\"image\":{\"@type\":\"ImageObject\",\"inLanguage\":\"fr-FR\",\"@id\":\"https:\\\/\\\/secure.gravatar.com\\\/avatar\\\/be92b5b6d77942219df2ecf66ba3207feb2e7c5d543d0411293de093ed0c1dd3?s=96&d=mm&r=g\",\"url\":\"https:\\\/\\\/secure.gravatar.com\\\/avatar\\\/be92b5b6d77942219df2ecf66ba3207feb2e7c5d543d0411293de093ed0c1dd3?s=96&d=mm&r=g\",\"contentUrl\":\"https:\\\/\\\/secure.gravatar.com\\\/avatar\\\/be92b5b6d77942219df2ecf66ba3207feb2e7c5d543d0411293de093ed0c1dd3?s=96&d=mm&r=g\",\"caption\":\"evaas-admin\"},\"url\":\"http:\\\/\\\/evaas.vetagro-sup.fr\\\/index.php\\\/author\\\/evaas-admin\\\/\"}]}<\/script>\n<!-- \/ Yoast SEO plugin. -->","yoast_head_json":{"title":"Reprises chevreuils - EVAAS","description":"Cet hiver, le p\u00f4le EVAAS \u00e9tait sur le terrain aux c\u00f4t\u00e9s des \u00e9quipes de l'OFB et du LBBE pour les reprises de chevreuils dans le cadre du suivi","robots":{"index":"index","follow":"follow","max-snippet":"max-snippet:-1","max-image-preview":"max-image-preview:large","max-video-preview":"max-video-preview:-1"},"canonical":"http:\/\/evaas.vetagro-sup.fr\/index.php\/2022\/02\/11\/captures-chevreuils\/","og_locale":"fr_FR","og_type":"article","og_title":"Reprises chevreuils - EVAAS","og_description":"Cet hiver, le p\u00f4le EVAAS \u00e9tait sur le terrain aux c\u00f4t\u00e9s des \u00e9quipes de l'OFB et du LBBE pour les reprises de chevreuils dans le cadre du suivi","og_url":"http:\/\/evaas.vetagro-sup.fr\/index.php\/2022\/02\/11\/captures-chevreuils\/","og_site_name":"EVAAS","article_published_time":"2022-02-11T12:36:20+00:00","article_modified_time":"2025-02-18T16:01:43+00:00","og_image":[{"width":1200,"height":1600,"url":"http:\/\/evaas.vetagro-sup.fr\/wp-content\/uploads\/2022\/02\/IMG-20210217-WA0008.jpg","type":"image\/jpeg"}],"author":"evaas-admin","twitter_card":"summary_large_image","twitter_misc":{"\u00c9crit par":"evaas-admin","Dur\u00e9e de lecture estim\u00e9e":"1 minute"},"schema":{"@context":"https:\/\/schema.org","@graph":[{"@type":"Article","@id":"http:\/\/evaas.vetagro-sup.fr\/index.php\/2022\/02\/11\/captures-chevreuils\/#article","isPartOf":{"@id":"http:\/\/evaas.vetagro-sup.fr\/index.php\/2022\/02\/11\/captures-chevreuils\/"},"author":{"name":"evaas-admin","@id":"http:\/\/evaas.vetagro-sup.fr\/#\/schema\/person\/39f69ac7780ac371f9ef27b9d4d91507"},"headline":"Reprises chevreuils","datePublished":"2022-02-11T12:36:20+00:00","dateModified":"2025-02-18T16:01:43+00:00","mainEntityOfPage":{"@id":"http:\/\/evaas.vetagro-sup.fr\/index.php\/2022\/02\/11\/captures-chevreuils\/"},"wordCount":81,"commentCount":0,"publisher":{"@id":"http:\/\/evaas.vetagro-sup.fr\/#organization"},"image":{"@id":"http:\/\/evaas.vetagro-sup.fr\/index.php\/2022\/02\/11\/captures-chevreuils\/#primaryimage"},"thumbnailUrl":"http:\/\/evaas.vetagro-sup.fr\/wp-content\/uploads\/2022\/02\/IMG-20210217-WA0008.jpg","keywords":["capture","Chevreuil d'Europe","programme scientifique"],"articleSection":["Expertise"],"inLanguage":"fr-FR","potentialAction":[{"@type":"CommentAction","name":"Comment","target":["http:\/\/evaas.vetagro-sup.fr\/index.php\/2022\/02\/11\/captures-chevreuils\/#respond"]}]},{"@type":"WebPage","@id":"http:\/\/evaas.vetagro-sup.fr\/index.php\/2022\/02\/11\/captures-chevreuils\/","url":"http:\/\/evaas.vetagro-sup.fr\/index.php\/2022\/02\/11\/captures-chevreuils\/","name":"Reprises chevreuils - EVAAS","isPartOf":{"@id":"http:\/\/evaas.vetagro-sup.fr\/#website"},"primaryImageOfPage":{"@id":"http:\/\/evaas.vetagro-sup.fr\/index.php\/2022\/02\/11\/captures-chevreuils\/#primaryimage"},"image":{"@id":"http:\/\/evaas.vetagro-sup.fr\/index.php\/2022\/02\/11\/captures-chevreuils\/#primaryimage"},"thumbnailUrl":"http:\/\/evaas.vetagro-sup.fr\/wp-content\/uploads\/2022\/02\/IMG-20210217-WA0008.jpg","datePublished":"2022-02-11T12:36:20+00:00","dateModified":"2025-02-18T16:01:43+00:00","description":"Cet hiver, le p\u00f4le EVAAS \u00e9tait sur le terrain aux c\u00f4t\u00e9s des \u00e9quipes de l'OFB et du LBBE pour les reprises de chevreuils dans le cadre du suivi","breadcrumb":{"@id":"http:\/\/evaas.vetagro-sup.fr\/index.php\/2022\/02\/11\/captures-chevreuils\/#breadcrumb"},"inLanguage":"fr-FR","potentialAction":[{"@type":"ReadAction","target":["http:\/\/evaas.vetagro-sup.fr\/index.php\/2022\/02\/11\/captures-chevreuils\/"]}]},{"@type":"ImageObject","inLanguage":"fr-FR","@id":"http:\/\/evaas.vetagro-sup.fr\/index.php\/2022\/02\/11\/captures-chevreuils\/#primaryimage","url":"http:\/\/evaas.vetagro-sup.fr\/wp-content\/uploads\/2022\/02\/IMG-20210217-WA0008.jpg","contentUrl":"http:\/\/evaas.vetagro-sup.fr\/wp-content\/uploads\/2022\/02\/IMG-20210217-WA0008.jpg","width":1200,"height":1600},{"@type":"BreadcrumbList","@id":"http:\/\/evaas.vetagro-sup.fr\/index.php\/2022\/02\/11\/captures-chevreuils\/#breadcrumb","itemListElement":[{"@type":"ListItem","position":1,"name":"Accueil","item":"http:\/\/evaas.vetagro-sup.fr\/"},{"@type":"ListItem","position":2,"name":"Reprises chevreuils"}]},{"@type":"WebSite","@id":"http:\/\/evaas.vetagro-sup.fr\/#website","url":"http:\/\/evaas.vetagro-sup.fr\/","name":"EVAAS","description":"Expertise scientifique collective multidisciplinaire en sant\u00e9 de la faune sauvage","publisher":{"@id":"http:\/\/evaas.vetagro-sup.fr\/#organization"},"potentialAction":[{"@type":"SearchAction","target":{"@type":"EntryPoint","urlTemplate":"http:\/\/evaas.vetagro-sup.fr\/?s={search_term_string}"},"query-input":{"@type":"PropertyValueSpecification","valueRequired":true,"valueName":"search_term_string"}}],"inLanguage":"fr-FR"},{"@type":"Organization","@id":"http:\/\/evaas.vetagro-sup.fr\/#organization","name":"P\u00f4le EVAAS","url":"http:\/\/evaas.vetagro-sup.fr\/","logo":{"@type":"ImageObject","inLanguage":"fr-FR","@id":"http:\/\/evaas.vetagro-sup.fr\/#\/schema\/logo\/image\/","url":"http:\/\/evaas.vetagro-sup.fr\/wp-content\/uploads\/2018\/10\/logo_EVAAS_ecran_sans_fond-e1539174118936.png","contentUrl":"http:\/\/evaas.vetagro-sup.fr\/wp-content\/uploads\/2018\/10\/logo_EVAAS_ecran_sans_fond-e1539174118936.png","width":387,"height":150,"caption":"P\u00f4le EVAAS"},"image":{"@id":"http:\/\/evaas.vetagro-sup.fr\/#\/schema\/logo\/image\/"}},{"@type":"Person","@id":"http:\/\/evaas.vetagro-sup.fr\/#\/schema\/person\/39f69ac7780ac371f9ef27b9d4d91507","name":"evaas-admin","image":{"@type":"ImageObject","inLanguage":"fr-FR","@id":"https:\/\/secure.gravatar.com\/avatar\/be92b5b6d77942219df2ecf66ba3207feb2e7c5d543d0411293de093ed0c1dd3?s=96&d=mm&r=g","url":"https:\/\/secure.gravatar.com\/avatar\/be92b5b6d77942219df2ecf66ba3207feb2e7c5d543d0411293de093ed0c1dd3?s=96&d=mm&r=g","contentUrl":"https:\/\/secure.gravatar.com\/avatar\/be92b5b6d77942219df2ecf66ba3207feb2e7c5d543d0411293de093ed0c1dd3?s=96&d=mm&r=g","caption":"evaas-admin"},"url":"http:\/\/evaas.vetagro-sup.fr\/index.php\/author\/evaas-admin\/"}]}},"_links":{"self":[{"href":"http:\/\/evaas.vetagro-sup.fr\/index.php\/wp-json\/wp\/v2\/posts\/2374","targetHints":{"allow":["GET"]}}],"collection":[{"href":"http:\/\/evaas.vetagro-sup.fr\/index.php\/wp-json\/wp\/v2\/posts"}],"about":[{"href":"http:\/\/evaas.vetagro-sup.fr\/index.php\/wp-json\/wp\/v2\/types\/post"}],"author":[{"embeddable":true,"href":"http:\/\/evaas.vetagro-sup.fr\/index.php\/wp-json\/wp\/v2\/users\/1"}],"replies":[{"embeddable":true,"href":"http:\/\/evaas.vetagro-sup.fr\/index.php\/wp-json\/wp\/v2\/comments?post=2374"}],"version-history":[{"count":13,"href":"http:\/\/evaas.vetagro-sup.fr\/index.php\/wp-json\/wp\/v2\/posts\/2374\/revisions"}],"predecessor-version":[{"id":2389,"href":"http:\/\/evaas.vetagro-sup.fr\/index.php\/wp-json\/wp\/v2\/posts\/2374\/revisions\/2389"}],"wp:featuredmedia":[{"embeddable":true,"href":"http:\/\/evaas.vetagro-sup.fr\/index.php\/wp-json\/wp\/v2\/media\/2377"}],"wp:attachment":[{"href":"http:\/\/evaas.vetagro-sup.fr\/index.php\/wp-json\/wp\/v2\/media?parent=2374"}],"wp:term":[{"taxonomy":"category","embeddable":true,"href":"http:\/\/evaas.vetagro-sup.fr\/index.php\/wp-json\/wp\/v2\/categories?post=2374"},{"taxonomy":"post_tag","embeddable":true,"href":"http:\/\/evaas.vetagro-sup.fr\/index.php\/wp-json\/wp\/v2\/tags?post=2374"}],"curies":[{"name":"wp","href":"https:\/\/api.w.org\/{rel}","templated":true}]}}