{"id":2334,"date":"2021-10-28T11:22:42","date_gmt":"2021-10-28T09:22:42","guid":{"rendered":"http:\/\/evaas.vetagro-sup.fr\/?p=2334"},"modified":"2025-02-18T17:02:01","modified_gmt":"2025-02-18T16:02:01","slug":"reunion-au-chene","status":"publish","type":"post","link":"http:\/\/evaas.vetagro-sup.fr\/index.php\/2021\/10\/28\/reunion-au-chene\/","title":{"rendered":"R\u00e9union au CHENE"},"content":{"rendered":"\t\t<div data-elementor-type=\"wp-post\" data-elementor-id=\"2334\" class=\"elementor elementor-2334\">\n\t\t\t\t\t\t<section class=\"elementor-section elementor-top-section elementor-element elementor-element-884b60b elementor-section-boxed elementor-section-height-default elementor-section-height-default reptro-section-padding-large\" data-id=\"884b60b\" data-element_type=\"section\" data-e-type=\"section\">\n\t\t\t\t\t\t<div class=\"elementor-container elementor-column-gap-default\">\n\t\t\t\t\t<div class=\"elementor-column elementor-col-100 elementor-top-column elementor-element elementor-element-6c9e426\" data-id=\"6c9e426\" data-element_type=\"column\" data-e-type=\"column\">\n\t\t\t<div class=\"elementor-widget-wrap elementor-element-populated\">\n\t\t\t\t\t\t<div class=\"elementor-element elementor-element-568e776 elementor-widget elementor-widget-text-editor\" data-id=\"568e776\" data-element_type=\"widget\" data-e-type=\"widget\" data-widget_type=\"text-editor.default\">\n\t\t\t\t<div class=\"elementor-widget-container\">\n\t\t\t\t\t\t\t\t\t<p>Le p\u00f4le EVAAS \u00e9tait en visite au CHENE ce Mardi 26 Octobre 2021 pour pr\u00e9senter les r\u00e9sultats pr\u00e9liminaires de l&rsquo;\u00e9tude consacr\u00e9e \u00e0 la mortalit\u00e9 du h\u00e9risson d&rsquo;Europe. L&rsquo;occasion de visiter les locaux du centre de soins et de rencontrer son pr\u00e9sident Didier Feray, sa v\u00e9t\u00e9rinaire r\u00e9f\u00e9rente Claire Le Moal et l&rsquo;\u00e9quipe de soigneurs. La r\u00e9union a \u00e9galement permis de discuter les r\u00e9sultats des analyses diagnostiques au regard de l&rsquo;approche clinique.<\/p>\t\t\t\t\t\t\t\t<\/div>\n\t\t\t\t<\/div>\n\t\t\t\t<div class=\"elementor-element elementor-element-38e4377 elementor-widget elementor-widget-image\" data-id=\"38e4377\" data-element_type=\"widget\" data-e-type=\"widget\" data-widget_type=\"image.default\">\n\t\t\t\t<div class=\"elementor-widget-container\">\n\t\t\t\t\t\t\t\t\t\t\t\t\t\t\t<img fetchpriority=\"high\" decoding=\"async\" width=\"640\" height=\"480\" src=\"http:\/\/evaas.vetagro-sup.fr\/wp-content\/uploads\/2021\/10\/249802910_594613621813133_5117038489993286139_n.jpg\" class=\"attachment-large size-large wp-image-2338\" alt=\"\" srcset=\"http:\/\/evaas.vetagro-sup.fr\/wp-content\/uploads\/2021\/10\/249802910_594613621813133_5117038489993286139_n.jpg 1024w, http:\/\/evaas.vetagro-sup.fr\/wp-content\/uploads\/2021\/10\/249802910_594613621813133_5117038489993286139_n-300x225.jpg 300w, http:\/\/evaas.vetagro-sup.fr\/wp-content\/uploads\/2021\/10\/249802910_594613621813133_5117038489993286139_n-768x576.jpg 768w\" sizes=\"(max-width: 640px) 100vw, 640px\" \/>\t\t\t\t\t\t\t\t\t\t\t\t\t\t\t<\/div>\n\t\t\t\t<\/div>\n\t\t\t\t<div class=\"elementor-element elementor-element-1f484a8 elementor-widget elementor-widget-image\" data-id=\"1f484a8\" data-element_type=\"widget\" data-e-type=\"widget\" data-widget_type=\"image.default\">\n\t\t\t\t<div class=\"elementor-widget-container\">\n\t\t\t\t\t\t\t\t\t\t\t\t\t\t\t<img decoding=\"async\" width=\"640\" height=\"480\" src=\"http:\/\/evaas.vetagro-sup.fr\/wp-content\/uploads\/2021\/10\/249669955_4677793488945019_4205373697931199458_n.jpg\" class=\"attachment-large size-large wp-image-2336\" alt=\"\" srcset=\"http:\/\/evaas.vetagro-sup.fr\/wp-content\/uploads\/2021\/10\/249669955_4677793488945019_4205373697931199458_n.jpg 1008w, http:\/\/evaas.vetagro-sup.fr\/wp-content\/uploads\/2021\/10\/249669955_4677793488945019_4205373697931199458_n-300x225.jpg 300w, http:\/\/evaas.vetagro-sup.fr\/wp-content\/uploads\/2021\/10\/249669955_4677793488945019_4205373697931199458_n-768x576.jpg 768w\" sizes=\"(max-width: 640px) 100vw, 640px\" \/>\t\t\t\t\t\t\t\t\t\t\t\t\t\t\t<\/div>\n\t\t\t\t<\/div>\n\t\t\t\t\t<\/div>\n\t\t<\/div>\n\t\t\t\t\t<\/div>\n\t\t<\/section>\n\t\t\t\t<\/div>\n\t\t","protected":false},"excerpt":{"rendered":"<p>Le p\u00f4le EVAAS \u00e9tait en visite au CHENE ce Mardi 26 Octobre 2021 pour pr\u00e9senter les r\u00e9sultats pr\u00e9liminaires de l&rsquo;\u00e9tude consacr\u00e9e \u00e0 la mortalit\u00e9 du h\u00e9risson d&rsquo;Europe. L&rsquo;occasion de visiter les locaux du centre de soins et de rencontrer son pr\u00e9sident Didier Feray, sa v\u00e9t\u00e9rinaire r\u00e9f\u00e9rente Claire Le Moal et l&rsquo;\u00e9quipe de soigneurs. La r\u00e9union&#8230;<\/p>\n","protected":false},"author":1,"featured_media":2337,"comment_status":"open","ping_status":"open","sticky":false,"template":"","format":"standard","meta":{"_monsterinsights_skip_tracking":false,"_monsterinsights_sitenote_active":false,"_monsterinsights_sitenote_note":"","_monsterinsights_sitenote_category":0,"_uf_show_specific_survey":0,"_uf_disable_surveys":false,"footnotes":""},"categories":[19],"tags":[38],"class_list":["post-2334","post","type-post","status-publish","format-standard","has-post-thumbnail","hentry","category-evenements","tag-herisson-deurope"],"yoast_head":"<!-- This site is optimized with the Yoast SEO plugin v27.5 - https:\/\/yoast.com\/product\/yoast-seo-wordpress\/ -->\n<title>R\u00e9union au CHENE - EVAAS<\/title>\n<meta name=\"description\" content=\"Le p\u00f4le EVAAS \u00e9tait en visite au CHENE ce Mardi 26 Octobre 2021 pour pr\u00e9senter les r\u00e9sultats pr\u00e9liminaires de l&#039;\u00e9tude consacr\u00e9e \u00e0 la mortalit\u00e9 du h\u00e9risson\" \/>\n<meta name=\"robots\" content=\"index, follow, max-snippet:-1, max-image-preview:large, max-video-preview:-1\" \/>\n<link rel=\"canonical\" href=\"http:\/\/evaas.vetagro-sup.fr\/index.php\/2021\/10\/28\/reunion-au-chene\/\" \/>\n<meta property=\"og:locale\" content=\"fr_FR\" \/>\n<meta property=\"og:type\" content=\"article\" \/>\n<meta property=\"og:title\" content=\"R\u00e9union au CHENE - EVAAS\" \/>\n<meta property=\"og:description\" content=\"Le p\u00f4le EVAAS \u00e9tait en visite au CHENE ce Mardi 26 Octobre 2021 pour pr\u00e9senter les r\u00e9sultats pr\u00e9liminaires de l&#039;\u00e9tude consacr\u00e9e \u00e0 la mortalit\u00e9 du h\u00e9risson\" \/>\n<meta property=\"og:url\" content=\"http:\/\/evaas.vetagro-sup.fr\/index.php\/2021\/10\/28\/reunion-au-chene\/\" \/>\n<meta property=\"og:site_name\" content=\"EVAAS\" \/>\n<meta property=\"article:published_time\" content=\"2021-10-28T09:22:42+00:00\" \/>\n<meta property=\"article:modified_time\" content=\"2025-02-18T16:02:01+00:00\" \/>\n<meta property=\"og:image\" content=\"http:\/\/evaas.vetagro-sup.fr\/wp-content\/uploads\/2021\/10\/249913664_2437404479726491_4020508578419082111_n.jpg\" \/>\n\t<meta property=\"og:image:width\" content=\"750\" \/>\n\t<meta property=\"og:image:height\" content=\"1000\" \/>\n\t<meta property=\"og:image:type\" content=\"image\/jpeg\" \/>\n<meta name=\"author\" content=\"evaas-admin\" \/>\n<meta name=\"twitter:card\" content=\"summary_large_image\" \/>\n<meta name=\"twitter:label1\" content=\"\u00c9crit par\" \/>\n\t<meta name=\"twitter:data1\" content=\"evaas-admin\" \/>\n\t<meta name=\"twitter:label2\" content=\"Dur\u00e9e de lecture estim\u00e9e\" \/>\n\t<meta name=\"twitter:data2\" content=\"1 minute\" \/>\n<script type=\"application\/ld+json\" class=\"yoast-schema-graph\">{\"@context\":\"https:\\\/\\\/schema.org\",\"@graph\":[{\"@type\":\"Article\",\"@id\":\"http:\\\/\\\/evaas.vetagro-sup.fr\\\/index.php\\\/2021\\\/10\\\/28\\\/reunion-au-chene\\\/#article\",\"isPartOf\":{\"@id\":\"http:\\\/\\\/evaas.vetagro-sup.fr\\\/index.php\\\/2021\\\/10\\\/28\\\/reunion-au-chene\\\/\"},\"author\":{\"name\":\"evaas-admin\",\"@id\":\"http:\\\/\\\/evaas.vetagro-sup.fr\\\/#\\\/schema\\\/person\\\/39f69ac7780ac371f9ef27b9d4d91507\"},\"headline\":\"R\u00e9union au CHENE\",\"datePublished\":\"2021-10-28T09:22:42+00:00\",\"dateModified\":\"2025-02-18T16:02:01+00:00\",\"mainEntityOfPage\":{\"@id\":\"http:\\\/\\\/evaas.vetagro-sup.fr\\\/index.php\\\/2021\\\/10\\\/28\\\/reunion-au-chene\\\/\"},\"wordCount\":89,\"commentCount\":0,\"publisher\":{\"@id\":\"http:\\\/\\\/evaas.vetagro-sup.fr\\\/#organization\"},\"image\":{\"@id\":\"http:\\\/\\\/evaas.vetagro-sup.fr\\\/index.php\\\/2021\\\/10\\\/28\\\/reunion-au-chene\\\/#primaryimage\"},\"thumbnailUrl\":\"http:\\\/\\\/evaas.vetagro-sup.fr\\\/wp-content\\\/uploads\\\/2021\\\/10\\\/249913664_2437404479726491_4020508578419082111_n.jpg\",\"keywords\":[\"H\u00e9risson d'Europe\"],\"articleSection\":[\"Ev\u00e8nements\"],\"inLanguage\":\"fr-FR\",\"potentialAction\":[{\"@type\":\"CommentAction\",\"name\":\"Comment\",\"target\":[\"http:\\\/\\\/evaas.vetagro-sup.fr\\\/index.php\\\/2021\\\/10\\\/28\\\/reunion-au-chene\\\/#respond\"]}]},{\"@type\":\"WebPage\",\"@id\":\"http:\\\/\\\/evaas.vetagro-sup.fr\\\/index.php\\\/2021\\\/10\\\/28\\\/reunion-au-chene\\\/\",\"url\":\"http:\\\/\\\/evaas.vetagro-sup.fr\\\/index.php\\\/2021\\\/10\\\/28\\\/reunion-au-chene\\\/\",\"name\":\"R\u00e9union au CHENE - EVAAS\",\"isPartOf\":{\"@id\":\"http:\\\/\\\/evaas.vetagro-sup.fr\\\/#website\"},\"primaryImageOfPage\":{\"@id\":\"http:\\\/\\\/evaas.vetagro-sup.fr\\\/index.php\\\/2021\\\/10\\\/28\\\/reunion-au-chene\\\/#primaryimage\"},\"image\":{\"@id\":\"http:\\\/\\\/evaas.vetagro-sup.fr\\\/index.php\\\/2021\\\/10\\\/28\\\/reunion-au-chene\\\/#primaryimage\"},\"thumbnailUrl\":\"http:\\\/\\\/evaas.vetagro-sup.fr\\\/wp-content\\\/uploads\\\/2021\\\/10\\\/249913664_2437404479726491_4020508578419082111_n.jpg\",\"datePublished\":\"2021-10-28T09:22:42+00:00\",\"dateModified\":\"2025-02-18T16:02:01+00:00\",\"description\":\"Le p\u00f4le EVAAS \u00e9tait en visite au CHENE ce Mardi 26 Octobre 2021 pour pr\u00e9senter les r\u00e9sultats pr\u00e9liminaires de l'\u00e9tude consacr\u00e9e \u00e0 la mortalit\u00e9 du h\u00e9risson\",\"breadcrumb\":{\"@id\":\"http:\\\/\\\/evaas.vetagro-sup.fr\\\/index.php\\\/2021\\\/10\\\/28\\\/reunion-au-chene\\\/#breadcrumb\"},\"inLanguage\":\"fr-FR\",\"potentialAction\":[{\"@type\":\"ReadAction\",\"target\":[\"http:\\\/\\\/evaas.vetagro-sup.fr\\\/index.php\\\/2021\\\/10\\\/28\\\/reunion-au-chene\\\/\"]}]},{\"@type\":\"ImageObject\",\"inLanguage\":\"fr-FR\",\"@id\":\"http:\\\/\\\/evaas.vetagro-sup.fr\\\/index.php\\\/2021\\\/10\\\/28\\\/reunion-au-chene\\\/#primaryimage\",\"url\":\"http:\\\/\\\/evaas.vetagro-sup.fr\\\/wp-content\\\/uploads\\\/2021\\\/10\\\/249913664_2437404479726491_4020508578419082111_n.jpg\",\"contentUrl\":\"http:\\\/\\\/evaas.vetagro-sup.fr\\\/wp-content\\\/uploads\\\/2021\\\/10\\\/249913664_2437404479726491_4020508578419082111_n.jpg\",\"width\":750,\"height\":1000},{\"@type\":\"BreadcrumbList\",\"@id\":\"http:\\\/\\\/evaas.vetagro-sup.fr\\\/index.php\\\/2021\\\/10\\\/28\\\/reunion-au-chene\\\/#breadcrumb\",\"itemListElement\":[{\"@type\":\"ListItem\",\"position\":1,\"name\":\"Accueil\",\"item\":\"http:\\\/\\\/evaas.vetagro-sup.fr\\\/\"},{\"@type\":\"ListItem\",\"position\":2,\"name\":\"R\u00e9union au CHENE\"}]},{\"@type\":\"WebSite\",\"@id\":\"http:\\\/\\\/evaas.vetagro-sup.fr\\\/#website\",\"url\":\"http:\\\/\\\/evaas.vetagro-sup.fr\\\/\",\"name\":\"EVAAS\",\"description\":\"Expertise scientifique collective multidisciplinaire en sant\u00e9 de la faune sauvage\",\"publisher\":{\"@id\":\"http:\\\/\\\/evaas.vetagro-sup.fr\\\/#organization\"},\"potentialAction\":[{\"@type\":\"SearchAction\",\"target\":{\"@type\":\"EntryPoint\",\"urlTemplate\":\"http:\\\/\\\/evaas.vetagro-sup.fr\\\/?s={search_term_string}\"},\"query-input\":{\"@type\":\"PropertyValueSpecification\",\"valueRequired\":true,\"valueName\":\"search_term_string\"}}],\"inLanguage\":\"fr-FR\"},{\"@type\":\"Organization\",\"@id\":\"http:\\\/\\\/evaas.vetagro-sup.fr\\\/#organization\",\"name\":\"P\u00f4le EVAAS\",\"url\":\"http:\\\/\\\/evaas.vetagro-sup.fr\\\/\",\"logo\":{\"@type\":\"ImageObject\",\"inLanguage\":\"fr-FR\",\"@id\":\"http:\\\/\\\/evaas.vetagro-sup.fr\\\/#\\\/schema\\\/logo\\\/image\\\/\",\"url\":\"http:\\\/\\\/evaas.vetagro-sup.fr\\\/wp-content\\\/uploads\\\/2018\\\/10\\\/logo_EVAAS_ecran_sans_fond-e1539174118936.png\",\"contentUrl\":\"http:\\\/\\\/evaas.vetagro-sup.fr\\\/wp-content\\\/uploads\\\/2018\\\/10\\\/logo_EVAAS_ecran_sans_fond-e1539174118936.png\",\"width\":387,\"height\":150,\"caption\":\"P\u00f4le EVAAS\"},\"image\":{\"@id\":\"http:\\\/\\\/evaas.vetagro-sup.fr\\\/#\\\/schema\\\/logo\\\/image\\\/\"}},{\"@type\":\"Person\",\"@id\":\"http:\\\/\\\/evaas.vetagro-sup.fr\\\/#\\\/schema\\\/person\\\/39f69ac7780ac371f9ef27b9d4d91507\",\"name\":\"evaas-admin\",\"image\":{\"@type\":\"ImageObject\",\"inLanguage\":\"fr-FR\",\"@id\":\"https:\\\/\\\/secure.gravatar.com\\\/avatar\\\/be92b5b6d77942219df2ecf66ba3207feb2e7c5d543d0411293de093ed0c1dd3?s=96&d=mm&r=g\",\"url\":\"https:\\\/\\\/secure.gravatar.com\\\/avatar\\\/be92b5b6d77942219df2ecf66ba3207feb2e7c5d543d0411293de093ed0c1dd3?s=96&d=mm&r=g\",\"contentUrl\":\"https:\\\/\\\/secure.gravatar.com\\\/avatar\\\/be92b5b6d77942219df2ecf66ba3207feb2e7c5d543d0411293de093ed0c1dd3?s=96&d=mm&r=g\",\"caption\":\"evaas-admin\"},\"url\":\"http:\\\/\\\/evaas.vetagro-sup.fr\\\/index.php\\\/author\\\/evaas-admin\\\/\"}]}<\/script>\n<!-- \/ Yoast SEO plugin. -->","yoast_head_json":{"title":"R\u00e9union au CHENE - EVAAS","description":"Le p\u00f4le EVAAS \u00e9tait en visite au CHENE ce Mardi 26 Octobre 2021 pour pr\u00e9senter les r\u00e9sultats pr\u00e9liminaires de l'\u00e9tude consacr\u00e9e \u00e0 la mortalit\u00e9 du h\u00e9risson","robots":{"index":"index","follow":"follow","max-snippet":"max-snippet:-1","max-image-preview":"max-image-preview:large","max-video-preview":"max-video-preview:-1"},"canonical":"http:\/\/evaas.vetagro-sup.fr\/index.php\/2021\/10\/28\/reunion-au-chene\/","og_locale":"fr_FR","og_type":"article","og_title":"R\u00e9union au CHENE - EVAAS","og_description":"Le p\u00f4le EVAAS \u00e9tait en visite au CHENE ce Mardi 26 Octobre 2021 pour pr\u00e9senter les r\u00e9sultats pr\u00e9liminaires de l'\u00e9tude consacr\u00e9e \u00e0 la mortalit\u00e9 du h\u00e9risson","og_url":"http:\/\/evaas.vetagro-sup.fr\/index.php\/2021\/10\/28\/reunion-au-chene\/","og_site_name":"EVAAS","article_published_time":"2021-10-28T09:22:42+00:00","article_modified_time":"2025-02-18T16:02:01+00:00","og_image":[{"width":750,"height":1000,"url":"http:\/\/evaas.vetagro-sup.fr\/wp-content\/uploads\/2021\/10\/249913664_2437404479726491_4020508578419082111_n.jpg","type":"image\/jpeg"}],"author":"evaas-admin","twitter_card":"summary_large_image","twitter_misc":{"\u00c9crit par":"evaas-admin","Dur\u00e9e de lecture estim\u00e9e":"1 minute"},"schema":{"@context":"https:\/\/schema.org","@graph":[{"@type":"Article","@id":"http:\/\/evaas.vetagro-sup.fr\/index.php\/2021\/10\/28\/reunion-au-chene\/#article","isPartOf":{"@id":"http:\/\/evaas.vetagro-sup.fr\/index.php\/2021\/10\/28\/reunion-au-chene\/"},"author":{"name":"evaas-admin","@id":"http:\/\/evaas.vetagro-sup.fr\/#\/schema\/person\/39f69ac7780ac371f9ef27b9d4d91507"},"headline":"R\u00e9union au CHENE","datePublished":"2021-10-28T09:22:42+00:00","dateModified":"2025-02-18T16:02:01+00:00","mainEntityOfPage":{"@id":"http:\/\/evaas.vetagro-sup.fr\/index.php\/2021\/10\/28\/reunion-au-chene\/"},"wordCount":89,"commentCount":0,"publisher":{"@id":"http:\/\/evaas.vetagro-sup.fr\/#organization"},"image":{"@id":"http:\/\/evaas.vetagro-sup.fr\/index.php\/2021\/10\/28\/reunion-au-chene\/#primaryimage"},"thumbnailUrl":"http:\/\/evaas.vetagro-sup.fr\/wp-content\/uploads\/2021\/10\/249913664_2437404479726491_4020508578419082111_n.jpg","keywords":["H\u00e9risson d'Europe"],"articleSection":["Ev\u00e8nements"],"inLanguage":"fr-FR","potentialAction":[{"@type":"CommentAction","name":"Comment","target":["http:\/\/evaas.vetagro-sup.fr\/index.php\/2021\/10\/28\/reunion-au-chene\/#respond"]}]},{"@type":"WebPage","@id":"http:\/\/evaas.vetagro-sup.fr\/index.php\/2021\/10\/28\/reunion-au-chene\/","url":"http:\/\/evaas.vetagro-sup.fr\/index.php\/2021\/10\/28\/reunion-au-chene\/","name":"R\u00e9union au CHENE - EVAAS","isPartOf":{"@id":"http:\/\/evaas.vetagro-sup.fr\/#website"},"primaryImageOfPage":{"@id":"http:\/\/evaas.vetagro-sup.fr\/index.php\/2021\/10\/28\/reunion-au-chene\/#primaryimage"},"image":{"@id":"http:\/\/evaas.vetagro-sup.fr\/index.php\/2021\/10\/28\/reunion-au-chene\/#primaryimage"},"thumbnailUrl":"http:\/\/evaas.vetagro-sup.fr\/wp-content\/uploads\/2021\/10\/249913664_2437404479726491_4020508578419082111_n.jpg","datePublished":"2021-10-28T09:22:42+00:00","dateModified":"2025-02-18T16:02:01+00:00","description":"Le p\u00f4le EVAAS \u00e9tait en visite au CHENE ce Mardi 26 Octobre 2021 pour pr\u00e9senter les r\u00e9sultats pr\u00e9liminaires de l'\u00e9tude consacr\u00e9e \u00e0 la mortalit\u00e9 du h\u00e9risson","breadcrumb":{"@id":"http:\/\/evaas.vetagro-sup.fr\/index.php\/2021\/10\/28\/reunion-au-chene\/#breadcrumb"},"inLanguage":"fr-FR","potentialAction":[{"@type":"ReadAction","target":["http:\/\/evaas.vetagro-sup.fr\/index.php\/2021\/10\/28\/reunion-au-chene\/"]}]},{"@type":"ImageObject","inLanguage":"fr-FR","@id":"http:\/\/evaas.vetagro-sup.fr\/index.php\/2021\/10\/28\/reunion-au-chene\/#primaryimage","url":"http:\/\/evaas.vetagro-sup.fr\/wp-content\/uploads\/2021\/10\/249913664_2437404479726491_4020508578419082111_n.jpg","contentUrl":"http:\/\/evaas.vetagro-sup.fr\/wp-content\/uploads\/2021\/10\/249913664_2437404479726491_4020508578419082111_n.jpg","width":750,"height":1000},{"@type":"BreadcrumbList","@id":"http:\/\/evaas.vetagro-sup.fr\/index.php\/2021\/10\/28\/reunion-au-chene\/#breadcrumb","itemListElement":[{"@type":"ListItem","position":1,"name":"Accueil","item":"http:\/\/evaas.vetagro-sup.fr\/"},{"@type":"ListItem","position":2,"name":"R\u00e9union au CHENE"}]},{"@type":"WebSite","@id":"http:\/\/evaas.vetagro-sup.fr\/#website","url":"http:\/\/evaas.vetagro-sup.fr\/","name":"EVAAS","description":"Expertise scientifique collective multidisciplinaire en sant\u00e9 de la faune sauvage","publisher":{"@id":"http:\/\/evaas.vetagro-sup.fr\/#organization"},"potentialAction":[{"@type":"SearchAction","target":{"@type":"EntryPoint","urlTemplate":"http:\/\/evaas.vetagro-sup.fr\/?s={search_term_string}"},"query-input":{"@type":"PropertyValueSpecification","valueRequired":true,"valueName":"search_term_string"}}],"inLanguage":"fr-FR"},{"@type":"Organization","@id":"http:\/\/evaas.vetagro-sup.fr\/#organization","name":"P\u00f4le EVAAS","url":"http:\/\/evaas.vetagro-sup.fr\/","logo":{"@type":"ImageObject","inLanguage":"fr-FR","@id":"http:\/\/evaas.vetagro-sup.fr\/#\/schema\/logo\/image\/","url":"http:\/\/evaas.vetagro-sup.fr\/wp-content\/uploads\/2018\/10\/logo_EVAAS_ecran_sans_fond-e1539174118936.png","contentUrl":"http:\/\/evaas.vetagro-sup.fr\/wp-content\/uploads\/2018\/10\/logo_EVAAS_ecran_sans_fond-e1539174118936.png","width":387,"height":150,"caption":"P\u00f4le EVAAS"},"image":{"@id":"http:\/\/evaas.vetagro-sup.fr\/#\/schema\/logo\/image\/"}},{"@type":"Person","@id":"http:\/\/evaas.vetagro-sup.fr\/#\/schema\/person\/39f69ac7780ac371f9ef27b9d4d91507","name":"evaas-admin","image":{"@type":"ImageObject","inLanguage":"fr-FR","@id":"https:\/\/secure.gravatar.com\/avatar\/be92b5b6d77942219df2ecf66ba3207feb2e7c5d543d0411293de093ed0c1dd3?s=96&d=mm&r=g","url":"https:\/\/secure.gravatar.com\/avatar\/be92b5b6d77942219df2ecf66ba3207feb2e7c5d543d0411293de093ed0c1dd3?s=96&d=mm&r=g","contentUrl":"https:\/\/secure.gravatar.com\/avatar\/be92b5b6d77942219df2ecf66ba3207feb2e7c5d543d0411293de093ed0c1dd3?s=96&d=mm&r=g","caption":"evaas-admin"},"url":"http:\/\/evaas.vetagro-sup.fr\/index.php\/author\/evaas-admin\/"}]}},"_links":{"self":[{"href":"http:\/\/evaas.vetagro-sup.fr\/index.php\/wp-json\/wp\/v2\/posts\/2334","targetHints":{"allow":["GET"]}}],"collection":[{"href":"http:\/\/evaas.vetagro-sup.fr\/index.php\/wp-json\/wp\/v2\/posts"}],"about":[{"href":"http:\/\/evaas.vetagro-sup.fr\/index.php\/wp-json\/wp\/v2\/types\/post"}],"author":[{"embeddable":true,"href":"http:\/\/evaas.vetagro-sup.fr\/index.php\/wp-json\/wp\/v2\/users\/1"}],"replies":[{"embeddable":true,"href":"http:\/\/evaas.vetagro-sup.fr\/index.php\/wp-json\/wp\/v2\/comments?post=2334"}],"version-history":[{"count":14,"href":"http:\/\/evaas.vetagro-sup.fr\/index.php\/wp-json\/wp\/v2\/posts\/2334\/revisions"}],"predecessor-version":[{"id":2449,"href":"http:\/\/evaas.vetagro-sup.fr\/index.php\/wp-json\/wp\/v2\/posts\/2334\/revisions\/2449"}],"wp:featuredmedia":[{"embeddable":true,"href":"http:\/\/evaas.vetagro-sup.fr\/index.php\/wp-json\/wp\/v2\/media\/2337"}],"wp:attachment":[{"href":"http:\/\/evaas.vetagro-sup.fr\/index.php\/wp-json\/wp\/v2\/media?parent=2334"}],"wp:term":[{"taxonomy":"category","embeddable":true,"href":"http:\/\/evaas.vetagro-sup.fr\/index.php\/wp-json\/wp\/v2\/categories?post=2334"},{"taxonomy":"post_tag","embeddable":true,"href":"http:\/\/evaas.vetagro-sup.fr\/index.php\/wp-json\/wp\/v2\/tags?post=2334"}],"curies":[{"name":"wp","href":"https:\/\/api.w.org\/{rel}","templated":true}]}}