{"id":2221,"date":"2021-04-20T09:56:07","date_gmt":"2021-04-20T07:56:07","guid":{"rendered":"http:\/\/evaas.vetagro-sup.fr\/?p=2221"},"modified":"2025-02-18T17:02:12","modified_gmt":"2025-02-18T16:02:12","slug":"journee-du-pole-evaas-bilan","status":"publish","type":"post","link":"http:\/\/evaas.vetagro-sup.fr\/index.php\/2021\/04\/20\/journee-du-pole-evaas-bilan\/","title":{"rendered":"Journ\u00e9e du p\u00f4le EVAAS &#8211; Bilan"},"content":{"rendered":"\t\t<div data-elementor-type=\"wp-post\" data-elementor-id=\"2221\" class=\"elementor elementor-2221\">\n\t\t\t\t\t\t<section class=\"elementor-section elementor-top-section elementor-element elementor-element-6b94058 reptro-section-padding-default elementor-section-boxed elementor-section-height-default elementor-section-height-default\" data-id=\"6b94058\" data-element_type=\"section\" data-e-type=\"section\">\n\t\t\t\t\t\t<div class=\"elementor-container elementor-column-gap-default\">\n\t\t\t\t\t<div class=\"elementor-column elementor-col-100 elementor-top-column elementor-element elementor-element-4927a4b\" data-id=\"4927a4b\" data-element_type=\"column\" data-e-type=\"column\">\n\t\t\t<div class=\"elementor-widget-wrap elementor-element-populated\">\n\t\t\t\t\t\t<div class=\"elementor-element elementor-element-d5f99be elementor-widget elementor-widget-text-editor\" data-id=\"d5f99be\" data-element_type=\"widget\" data-e-type=\"widget\" data-widget_type=\"text-editor.default\">\n\t\t\t\t<div class=\"elementor-widget-container\">\n\t\t\t\t\t\t\t\t\t<p><\/p><p class=\"wp-block-paragraph\">Au total, vous \u00eates <strong>pr\u00e8s de 100<\/strong> \u00e0 avoir particip\u00e9 \u00e0 cette journ\u00e9e et nous vous en remercions chaleureusement. Nous remercions tout autant les personnes qui ont pris le temps de remplir le questionnaire de satisfaction.<\/p><p>Avant cette journ\u00e9e, une grande partie des r\u00e9pondants n\u2019avait pas ou peu connaissance du <strong>p\u00f4le EVAAS<\/strong> (43%) et de ses activit\u00e9s (47%) mais \u00e0 l\u2019issue de cette journ\u00e9e, l\u2019int\u00e9gralit\u00e9 d\u2019entre eux avaient une id\u00e9e claire ou partielle des activit\u00e9s du p\u00f4le.<\/p><p>De plus, l\u2019int\u00e9gralit\u00e9 des r\u00e9pondants \u00e9taient <strong>totalement ou partiellement satisfaits<\/strong> de la journ\u00e9e.<\/p><p>Suite aux pr\u00e9sentations, la majorit\u00e9 des r\u00e9pondants ont exprim\u00e9 leur <strong>int\u00e9r\u00eat<\/strong> pour les activit\u00e9s de formation (83%), d\u2019appui \u00e0 la recherche (93%) et d\u2019expertise (88%) propos\u00e9es par le p\u00f4le.<\/p><p>Ainsi, la majorit\u00e9 des r\u00e9pondants feraient appel au p\u00f4le EVAAS (64%) et recommanderaient le p\u00f4le \u00e0 leur r\u00e9seau professionnel (83%).<\/p><p>Enfin, la majorit\u00e9 des r\u00e9pondants ont jug\u00e9 ad\u00e9quates la visibilit\u00e9 (69%) et l\u2019accessibilit\u00e9 du p\u00f4le (88%). N\u00e9anmoins, une part non n\u00e9gligeable des r\u00e9pondants a jug\u00e9 la visibilit\u00e9 du p\u00f4le insuffisante (31%), nous allons donc tacher de nous am\u00e9liorer sur ce point et de prendre en compte vos suggestions.<\/p><p>Nous vous remercions encore pour votre participation \u00e0 cette journ\u00e9e et vos retours que nous ne manquerons pas de prendre en compte. Le <strong>p\u00f4le EVAAS<\/strong> est \u00e0 votre enti\u00e8re disposition, n\u2019h\u00e9sitez pas \u00e0 nous contacter !<\/p><p><\/p><p class=\"wp-block-paragraph\"><\/p>\t\t\t\t\t\t\t\t<\/div>\n\t\t\t\t<\/div>\n\t\t\t\t\t<\/div>\n\t\t<\/div>\n\t\t\t\t\t<\/div>\n\t\t<\/section>\n\t\t\t\t<\/div>\n\t\t","protected":false},"excerpt":{"rendered":"<p>Au total, vous \u00eates pr\u00e8s de 100 \u00e0 avoir particip\u00e9 \u00e0 cette journ\u00e9e et nous vous en remercions chaleureusement. Nous remercions tout autant les personnes qui ont pris le temps de remplir le questionnaire de satisfaction. Avant cette journ\u00e9e, une grande partie des r\u00e9pondants n\u2019avait pas ou peu connaissance du p\u00f4le EVAAS (43%) et de&#8230;<\/p>\n","protected":false},"author":1,"featured_media":1668,"comment_status":"open","ping_status":"closed","sticky":false,"template":"","format":"standard","meta":{"_monsterinsights_skip_tracking":false,"_uf_show_specific_survey":0,"_uf_disable_surveys":false,"footnotes":""},"categories":[19],"tags":[51,36],"class_list":["post-2221","post","type-post","status-publish","format-standard","has-post-thumbnail","hentry","category-evenements","tag-journee-du-pole","tag-valorisation-scientifique"],"_links":{"self":[{"href":"http:\/\/evaas.vetagro-sup.fr\/index.php\/wp-json\/wp\/v2\/posts\/2221","targetHints":{"allow":["GET"]}}],"collection":[{"href":"http:\/\/evaas.vetagro-sup.fr\/index.php\/wp-json\/wp\/v2\/posts"}],"about":[{"href":"http:\/\/evaas.vetagro-sup.fr\/index.php\/wp-json\/wp\/v2\/types\/post"}],"author":[{"embeddable":true,"href":"http:\/\/evaas.vetagro-sup.fr\/index.php\/wp-json\/wp\/v2\/users\/1"}],"replies":[{"embeddable":true,"href":"http:\/\/evaas.vetagro-sup.fr\/index.php\/wp-json\/wp\/v2\/comments?post=2221"}],"version-history":[{"count":5,"href":"http:\/\/evaas.vetagro-sup.fr\/index.php\/wp-json\/wp\/v2\/posts\/2221\/revisions"}],"predecessor-version":[{"id":2226,"href":"http:\/\/evaas.vetagro-sup.fr\/index.php\/wp-json\/wp\/v2\/posts\/2221\/revisions\/2226"}],"wp:featuredmedia":[{"embeddable":true,"href":"http:\/\/evaas.vetagro-sup.fr\/index.php\/wp-json\/wp\/v2\/media\/1668"}],"wp:attachment":[{"href":"http:\/\/evaas.vetagro-sup.fr\/index.php\/wp-json\/wp\/v2\/media?parent=2221"}],"wp:term":[{"taxonomy":"category","embeddable":true,"href":"http:\/\/evaas.vetagro-sup.fr\/index.php\/wp-json\/wp\/v2\/categories?post=2221"},{"taxonomy":"post_tag","embeddable":true,"href":"http:\/\/evaas.vetagro-sup.fr\/index.php\/wp-json\/wp\/v2\/tags?post=2221"}],"curies":[{"name":"wp","href":"https:\/\/api.w.org\/{rel}","templated":true}]}}