{"id":1645,"date":"2021-02-18T16:56:20","date_gmt":"2021-02-18T15:56:20","guid":{"rendered":"http:\/\/evaas.vetagro-sup.fr\/?p=1645"},"modified":"2025-02-18T17:02:17","modified_gmt":"2025-02-18T16:02:17","slug":"journee-du-pole-evaas","status":"publish","type":"post","link":"http:\/\/evaas.vetagro-sup.fr\/index.php\/2021\/02\/18\/journee-du-pole-evaas\/","title":{"rendered":"Journ\u00e9e du p\u00f4le EVAAS"},"content":{"rendered":"\t\t<div data-elementor-type=\"wp-post\" data-elementor-id=\"1645\" class=\"elementor elementor-1645\">\n\t\t\t\t\t\t<section class=\"elementor-section elementor-top-section elementor-element elementor-element-7275e889 reptro-section-padding-default elementor-section-boxed elementor-section-height-default elementor-section-height-default\" data-id=\"7275e889\" data-element_type=\"section\" data-e-type=\"section\">\n\t\t\t\t\t\t<div class=\"elementor-container elementor-column-gap-default\">\n\t\t\t\t\t<div class=\"elementor-column elementor-col-100 elementor-top-column elementor-element elementor-element-40fc363\" data-id=\"40fc363\" data-element_type=\"column\" data-e-type=\"column\">\n\t\t\t<div class=\"elementor-widget-wrap elementor-element-populated\">\n\t\t\t\t\t\t<div class=\"elementor-element elementor-element-39466885 elementor-widget elementor-widget-text-editor\" data-id=\"39466885\" data-element_type=\"widget\" data-e-type=\"widget\" data-widget_type=\"text-editor.default\">\n\t\t\t\t<div class=\"elementor-widget-container\">\n\t\t\t\t\t\t\t\t\t<p><\/p>\n<p>Le <strong>p\u00f4le Expertise V\u00e9t\u00e9rinaire et Agronomique Animaux Sauvages<\/strong> a le plaisir de vous inviter \u00e0 une journ\u00e9e de pr\u00e9sentation de ses activit\u00e9s.<\/p>\n<p><\/p>\n<p>Dans notre contexte sanitaire agit\u00e9, dans lequel la faune sauvage fait figure tant\u00f4t de coupable tant\u00f4t de victime, qui sommes-nous, que faisons-nous, et que proposons-nous\u00a0? Pour r\u00e9pondre \u00e0 ces questions, nous pr\u00e9senterons l\u2019offre du p\u00f4le EVAAS en mati\u00e8re d\u2019expertise pluridisciplinaire, d\u2019appui \u00e0 la recherche et de formation et un temps d\u2019\u00e9change suivra chaque pr\u00e9sentation. Cette journ\u00e9e aura lieu le <strong>3 Mars 2021 <\/strong>de<strong> 9h <\/strong>\u00e0<strong> 13h<\/strong> sur le <strong>campus v\u00e9t\u00e9rinaire <\/strong>de<strong> VetAgro Sup<\/strong>, \u00e0 Marcy l\u2019Etoile. Compte tenu des circonstances sanitaires et dans un souci pratique, les pr\u00e9sentations seront aussi retransmises en int\u00e9gralit\u00e9 par visio-conf\u00e9rence.<\/p>\n<p><\/p>\n<p>Inscription (obligatoire) au lien\u00a0<a href=\"https:\/\/docs.google.com\/forms\/d\/1qDUrkgYa-AiEoJ875Lz1xiU2qOifP8B7K7gI2WFOzfQ\/edit?ts=600adb00\" target=\"_blank\" rel=\"noopener\">suivant<\/a>\u00a0<\/p>\n<p><\/p>\n<p><\/p>\t\t\t\t\t\t\t\t<\/div>\n\t\t\t\t<\/div>\n\t\t\t\t\t<\/div>\n\t\t<\/div>\n\t\t\t\t\t<\/div>\n\t\t<\/section>\n\t\t\t\t<\/div>\n\t\t","protected":false},"excerpt":{"rendered":"<p>Le p\u00f4le Expertise V\u00e9t\u00e9rinaire et Agronomique Animaux Sauvages a le plaisir de vous inviter \u00e0 une journ\u00e9e de pr\u00e9sentation de ses activit\u00e9s. Dans notre contexte sanitaire agit\u00e9, dans lequel la faune sauvage fait figure tant\u00f4t de coupable tant\u00f4t de victime, qui sommes-nous, que faisons-nous, et que proposons-nous\u00a0? Pour r\u00e9pondre \u00e0 ces questions, nous pr\u00e9senterons l\u2019offre&#8230;<\/p>\n","protected":false},"author":1,"featured_media":1668,"comment_status":"closed","ping_status":"closed","sticky":false,"template":"","format":"standard","meta":{"_monsterinsights_skip_tracking":false,"_monsterinsights_sitenote_active":false,"_monsterinsights_sitenote_note":"","_monsterinsights_sitenote_category":0,"_uf_show_specific_survey":0,"_uf_disable_surveys":false,"footnotes":""},"categories":[19],"tags":[51,36],"class_list":["post-1645","post","type-post","status-publish","format-standard","has-post-thumbnail","hentry","category-evenements","tag-journee-du-pole","tag-valorisation-scientifique"],"yoast_head":"<!-- This site is optimized with the Yoast SEO plugin v27.5 - https:\/\/yoast.com\/product\/yoast-seo-wordpress\/ -->\n<title>Journ\u00e9e du p\u00f4le EVAAS - EVAAS<\/title>\n<meta name=\"description\" content=\"Le p\u00f4le Expertise V\u00e9t\u00e9rinaire et Agronomique Animaux Sauvages a le plaisir de vous inviter \u00e0 une journ\u00e9e de pr\u00e9sentation de ses activit\u00e9s. Dans notre\" \/>\n<meta name=\"robots\" content=\"index, follow, max-snippet:-1, max-image-preview:large, max-video-preview:-1\" \/>\n<link rel=\"canonical\" href=\"http:\/\/evaas.vetagro-sup.fr\/index.php\/2021\/02\/18\/journee-du-pole-evaas\/\" \/>\n<meta property=\"og:locale\" content=\"fr_FR\" \/>\n<meta property=\"og:type\" content=\"article\" \/>\n<meta property=\"og:title\" content=\"Journ\u00e9e du p\u00f4le EVAAS - EVAAS\" \/>\n<meta property=\"og:description\" content=\"Le p\u00f4le Expertise V\u00e9t\u00e9rinaire et Agronomique Animaux Sauvages a le plaisir de vous inviter \u00e0 une journ\u00e9e de pr\u00e9sentation de ses activit\u00e9s. Dans notre\" \/>\n<meta property=\"og:url\" content=\"http:\/\/evaas.vetagro-sup.fr\/index.php\/2021\/02\/18\/journee-du-pole-evaas\/\" \/>\n<meta property=\"og:site_name\" content=\"EVAAS\" \/>\n<meta property=\"article:published_time\" content=\"2021-02-18T15:56:20+00:00\" \/>\n<meta property=\"article:modified_time\" content=\"2025-02-18T16:02:17+00:00\" \/>\n<meta property=\"og:image\" content=\"http:\/\/evaas.vetagro-sup.fr\/wp-content\/uploads\/2021\/02\/Image2.png\" \/>\n\t<meta property=\"og:image:width\" content=\"2002\" \/>\n\t<meta property=\"og:image:height\" content=\"1127\" \/>\n\t<meta property=\"og:image:type\" content=\"image\/png\" \/>\n<meta name=\"author\" content=\"evaas-admin\" \/>\n<meta name=\"twitter:card\" content=\"summary_large_image\" \/>\n<meta name=\"twitter:label1\" content=\"\u00c9crit par\" \/>\n\t<meta name=\"twitter:data1\" content=\"evaas-admin\" \/>\n\t<meta name=\"twitter:label2\" content=\"Dur\u00e9e de lecture estim\u00e9e\" \/>\n\t<meta name=\"twitter:data2\" content=\"1 minute\" \/>\n<script type=\"application\/ld+json\" class=\"yoast-schema-graph\">{\"@context\":\"https:\\\/\\\/schema.org\",\"@graph\":[{\"@type\":\"Article\",\"@id\":\"http:\\\/\\\/evaas.vetagro-sup.fr\\\/index.php\\\/2021\\\/02\\\/18\\\/journee-du-pole-evaas\\\/#article\",\"isPartOf\":{\"@id\":\"http:\\\/\\\/evaas.vetagro-sup.fr\\\/index.php\\\/2021\\\/02\\\/18\\\/journee-du-pole-evaas\\\/\"},\"author\":{\"name\":\"evaas-admin\",\"@id\":\"http:\\\/\\\/evaas.vetagro-sup.fr\\\/#\\\/schema\\\/person\\\/39f69ac7780ac371f9ef27b9d4d91507\"},\"headline\":\"Journ\u00e9e du p\u00f4le EVAAS\",\"datePublished\":\"2021-02-18T15:56:20+00:00\",\"dateModified\":\"2025-02-18T16:02:17+00:00\",\"mainEntityOfPage\":{\"@id\":\"http:\\\/\\\/evaas.vetagro-sup.fr\\\/index.php\\\/2021\\\/02\\\/18\\\/journee-du-pole-evaas\\\/\"},\"wordCount\":145,\"publisher\":{\"@id\":\"http:\\\/\\\/evaas.vetagro-sup.fr\\\/#organization\"},\"image\":{\"@id\":\"http:\\\/\\\/evaas.vetagro-sup.fr\\\/index.php\\\/2021\\\/02\\\/18\\\/journee-du-pole-evaas\\\/#primaryimage\"},\"thumbnailUrl\":\"http:\\\/\\\/evaas.vetagro-sup.fr\\\/wp-content\\\/uploads\\\/2021\\\/02\\\/Image2.png\",\"keywords\":[\"Journ\u00e9e du p\u00f4le\",\"Valorisation scientifique\"],\"articleSection\":[\"Ev\u00e8nements\"],\"inLanguage\":\"fr-FR\"},{\"@type\":\"WebPage\",\"@id\":\"http:\\\/\\\/evaas.vetagro-sup.fr\\\/index.php\\\/2021\\\/02\\\/18\\\/journee-du-pole-evaas\\\/\",\"url\":\"http:\\\/\\\/evaas.vetagro-sup.fr\\\/index.php\\\/2021\\\/02\\\/18\\\/journee-du-pole-evaas\\\/\",\"name\":\"Journ\u00e9e du p\u00f4le EVAAS - EVAAS\",\"isPartOf\":{\"@id\":\"http:\\\/\\\/evaas.vetagro-sup.fr\\\/#website\"},\"primaryImageOfPage\":{\"@id\":\"http:\\\/\\\/evaas.vetagro-sup.fr\\\/index.php\\\/2021\\\/02\\\/18\\\/journee-du-pole-evaas\\\/#primaryimage\"},\"image\":{\"@id\":\"http:\\\/\\\/evaas.vetagro-sup.fr\\\/index.php\\\/2021\\\/02\\\/18\\\/journee-du-pole-evaas\\\/#primaryimage\"},\"thumbnailUrl\":\"http:\\\/\\\/evaas.vetagro-sup.fr\\\/wp-content\\\/uploads\\\/2021\\\/02\\\/Image2.png\",\"datePublished\":\"2021-02-18T15:56:20+00:00\",\"dateModified\":\"2025-02-18T16:02:17+00:00\",\"description\":\"Le p\u00f4le Expertise V\u00e9t\u00e9rinaire et Agronomique Animaux Sauvages a le plaisir de vous inviter \u00e0 une journ\u00e9e de pr\u00e9sentation de ses activit\u00e9s. Dans notre\",\"breadcrumb\":{\"@id\":\"http:\\\/\\\/evaas.vetagro-sup.fr\\\/index.php\\\/2021\\\/02\\\/18\\\/journee-du-pole-evaas\\\/#breadcrumb\"},\"inLanguage\":\"fr-FR\",\"potentialAction\":[{\"@type\":\"ReadAction\",\"target\":[\"http:\\\/\\\/evaas.vetagro-sup.fr\\\/index.php\\\/2021\\\/02\\\/18\\\/journee-du-pole-evaas\\\/\"]}]},{\"@type\":\"ImageObject\",\"inLanguage\":\"fr-FR\",\"@id\":\"http:\\\/\\\/evaas.vetagro-sup.fr\\\/index.php\\\/2021\\\/02\\\/18\\\/journee-du-pole-evaas\\\/#primaryimage\",\"url\":\"http:\\\/\\\/evaas.vetagro-sup.fr\\\/wp-content\\\/uploads\\\/2021\\\/02\\\/Image2.png\",\"contentUrl\":\"http:\\\/\\\/evaas.vetagro-sup.fr\\\/wp-content\\\/uploads\\\/2021\\\/02\\\/Image2.png\",\"width\":2002,\"height\":1127},{\"@type\":\"BreadcrumbList\",\"@id\":\"http:\\\/\\\/evaas.vetagro-sup.fr\\\/index.php\\\/2021\\\/02\\\/18\\\/journee-du-pole-evaas\\\/#breadcrumb\",\"itemListElement\":[{\"@type\":\"ListItem\",\"position\":1,\"name\":\"Accueil\",\"item\":\"http:\\\/\\\/evaas.vetagro-sup.fr\\\/\"},{\"@type\":\"ListItem\",\"position\":2,\"name\":\"Journ\u00e9e du p\u00f4le EVAAS\"}]},{\"@type\":\"WebSite\",\"@id\":\"http:\\\/\\\/evaas.vetagro-sup.fr\\\/#website\",\"url\":\"http:\\\/\\\/evaas.vetagro-sup.fr\\\/\",\"name\":\"EVAAS\",\"description\":\"Expertise scientifique collective multidisciplinaire en sant\u00e9 de la faune sauvage\",\"publisher\":{\"@id\":\"http:\\\/\\\/evaas.vetagro-sup.fr\\\/#organization\"},\"potentialAction\":[{\"@type\":\"SearchAction\",\"target\":{\"@type\":\"EntryPoint\",\"urlTemplate\":\"http:\\\/\\\/evaas.vetagro-sup.fr\\\/?s={search_term_string}\"},\"query-input\":{\"@type\":\"PropertyValueSpecification\",\"valueRequired\":true,\"valueName\":\"search_term_string\"}}],\"inLanguage\":\"fr-FR\"},{\"@type\":\"Organization\",\"@id\":\"http:\\\/\\\/evaas.vetagro-sup.fr\\\/#organization\",\"name\":\"P\u00f4le EVAAS\",\"url\":\"http:\\\/\\\/evaas.vetagro-sup.fr\\\/\",\"logo\":{\"@type\":\"ImageObject\",\"inLanguage\":\"fr-FR\",\"@id\":\"http:\\\/\\\/evaas.vetagro-sup.fr\\\/#\\\/schema\\\/logo\\\/image\\\/\",\"url\":\"http:\\\/\\\/evaas.vetagro-sup.fr\\\/wp-content\\\/uploads\\\/2018\\\/10\\\/logo_EVAAS_ecran_sans_fond-e1539174118936.png\",\"contentUrl\":\"http:\\\/\\\/evaas.vetagro-sup.fr\\\/wp-content\\\/uploads\\\/2018\\\/10\\\/logo_EVAAS_ecran_sans_fond-e1539174118936.png\",\"width\":387,\"height\":150,\"caption\":\"P\u00f4le EVAAS\"},\"image\":{\"@id\":\"http:\\\/\\\/evaas.vetagro-sup.fr\\\/#\\\/schema\\\/logo\\\/image\\\/\"}},{\"@type\":\"Person\",\"@id\":\"http:\\\/\\\/evaas.vetagro-sup.fr\\\/#\\\/schema\\\/person\\\/39f69ac7780ac371f9ef27b9d4d91507\",\"name\":\"evaas-admin\",\"image\":{\"@type\":\"ImageObject\",\"inLanguage\":\"fr-FR\",\"@id\":\"https:\\\/\\\/secure.gravatar.com\\\/avatar\\\/be92b5b6d77942219df2ecf66ba3207feb2e7c5d543d0411293de093ed0c1dd3?s=96&d=mm&r=g\",\"url\":\"https:\\\/\\\/secure.gravatar.com\\\/avatar\\\/be92b5b6d77942219df2ecf66ba3207feb2e7c5d543d0411293de093ed0c1dd3?s=96&d=mm&r=g\",\"contentUrl\":\"https:\\\/\\\/secure.gravatar.com\\\/avatar\\\/be92b5b6d77942219df2ecf66ba3207feb2e7c5d543d0411293de093ed0c1dd3?s=96&d=mm&r=g\",\"caption\":\"evaas-admin\"},\"url\":\"http:\\\/\\\/evaas.vetagro-sup.fr\\\/index.php\\\/author\\\/evaas-admin\\\/\"}]}<\/script>\n<!-- \/ Yoast SEO plugin. -->","yoast_head_json":{"title":"Journ\u00e9e du p\u00f4le EVAAS - EVAAS","description":"Le p\u00f4le Expertise V\u00e9t\u00e9rinaire et Agronomique Animaux Sauvages a le plaisir de vous inviter \u00e0 une journ\u00e9e de pr\u00e9sentation de ses activit\u00e9s. Dans notre","robots":{"index":"index","follow":"follow","max-snippet":"max-snippet:-1","max-image-preview":"max-image-preview:large","max-video-preview":"max-video-preview:-1"},"canonical":"http:\/\/evaas.vetagro-sup.fr\/index.php\/2021\/02\/18\/journee-du-pole-evaas\/","og_locale":"fr_FR","og_type":"article","og_title":"Journ\u00e9e du p\u00f4le EVAAS - EVAAS","og_description":"Le p\u00f4le Expertise V\u00e9t\u00e9rinaire et Agronomique Animaux Sauvages a le plaisir de vous inviter \u00e0 une journ\u00e9e de pr\u00e9sentation de ses activit\u00e9s. Dans notre","og_url":"http:\/\/evaas.vetagro-sup.fr\/index.php\/2021\/02\/18\/journee-du-pole-evaas\/","og_site_name":"EVAAS","article_published_time":"2021-02-18T15:56:20+00:00","article_modified_time":"2025-02-18T16:02:17+00:00","og_image":[{"width":2002,"height":1127,"url":"http:\/\/evaas.vetagro-sup.fr\/wp-content\/uploads\/2021\/02\/Image2.png","type":"image\/png"}],"author":"evaas-admin","twitter_card":"summary_large_image","twitter_misc":{"\u00c9crit par":"evaas-admin","Dur\u00e9e de lecture estim\u00e9e":"1 minute"},"schema":{"@context":"https:\/\/schema.org","@graph":[{"@type":"Article","@id":"http:\/\/evaas.vetagro-sup.fr\/index.php\/2021\/02\/18\/journee-du-pole-evaas\/#article","isPartOf":{"@id":"http:\/\/evaas.vetagro-sup.fr\/index.php\/2021\/02\/18\/journee-du-pole-evaas\/"},"author":{"name":"evaas-admin","@id":"http:\/\/evaas.vetagro-sup.fr\/#\/schema\/person\/39f69ac7780ac371f9ef27b9d4d91507"},"headline":"Journ\u00e9e du p\u00f4le EVAAS","datePublished":"2021-02-18T15:56:20+00:00","dateModified":"2025-02-18T16:02:17+00:00","mainEntityOfPage":{"@id":"http:\/\/evaas.vetagro-sup.fr\/index.php\/2021\/02\/18\/journee-du-pole-evaas\/"},"wordCount":145,"publisher":{"@id":"http:\/\/evaas.vetagro-sup.fr\/#organization"},"image":{"@id":"http:\/\/evaas.vetagro-sup.fr\/index.php\/2021\/02\/18\/journee-du-pole-evaas\/#primaryimage"},"thumbnailUrl":"http:\/\/evaas.vetagro-sup.fr\/wp-content\/uploads\/2021\/02\/Image2.png","keywords":["Journ\u00e9e du p\u00f4le","Valorisation scientifique"],"articleSection":["Ev\u00e8nements"],"inLanguage":"fr-FR"},{"@type":"WebPage","@id":"http:\/\/evaas.vetagro-sup.fr\/index.php\/2021\/02\/18\/journee-du-pole-evaas\/","url":"http:\/\/evaas.vetagro-sup.fr\/index.php\/2021\/02\/18\/journee-du-pole-evaas\/","name":"Journ\u00e9e du p\u00f4le EVAAS - EVAAS","isPartOf":{"@id":"http:\/\/evaas.vetagro-sup.fr\/#website"},"primaryImageOfPage":{"@id":"http:\/\/evaas.vetagro-sup.fr\/index.php\/2021\/02\/18\/journee-du-pole-evaas\/#primaryimage"},"image":{"@id":"http:\/\/evaas.vetagro-sup.fr\/index.php\/2021\/02\/18\/journee-du-pole-evaas\/#primaryimage"},"thumbnailUrl":"http:\/\/evaas.vetagro-sup.fr\/wp-content\/uploads\/2021\/02\/Image2.png","datePublished":"2021-02-18T15:56:20+00:00","dateModified":"2025-02-18T16:02:17+00:00","description":"Le p\u00f4le Expertise V\u00e9t\u00e9rinaire et Agronomique Animaux Sauvages a le plaisir de vous inviter \u00e0 une journ\u00e9e de pr\u00e9sentation de ses activit\u00e9s. Dans notre","breadcrumb":{"@id":"http:\/\/evaas.vetagro-sup.fr\/index.php\/2021\/02\/18\/journee-du-pole-evaas\/#breadcrumb"},"inLanguage":"fr-FR","potentialAction":[{"@type":"ReadAction","target":["http:\/\/evaas.vetagro-sup.fr\/index.php\/2021\/02\/18\/journee-du-pole-evaas\/"]}]},{"@type":"ImageObject","inLanguage":"fr-FR","@id":"http:\/\/evaas.vetagro-sup.fr\/index.php\/2021\/02\/18\/journee-du-pole-evaas\/#primaryimage","url":"http:\/\/evaas.vetagro-sup.fr\/wp-content\/uploads\/2021\/02\/Image2.png","contentUrl":"http:\/\/evaas.vetagro-sup.fr\/wp-content\/uploads\/2021\/02\/Image2.png","width":2002,"height":1127},{"@type":"BreadcrumbList","@id":"http:\/\/evaas.vetagro-sup.fr\/index.php\/2021\/02\/18\/journee-du-pole-evaas\/#breadcrumb","itemListElement":[{"@type":"ListItem","position":1,"name":"Accueil","item":"http:\/\/evaas.vetagro-sup.fr\/"},{"@type":"ListItem","position":2,"name":"Journ\u00e9e du p\u00f4le EVAAS"}]},{"@type":"WebSite","@id":"http:\/\/evaas.vetagro-sup.fr\/#website","url":"http:\/\/evaas.vetagro-sup.fr\/","name":"EVAAS","description":"Expertise scientifique collective multidisciplinaire en sant\u00e9 de la faune sauvage","publisher":{"@id":"http:\/\/evaas.vetagro-sup.fr\/#organization"},"potentialAction":[{"@type":"SearchAction","target":{"@type":"EntryPoint","urlTemplate":"http:\/\/evaas.vetagro-sup.fr\/?s={search_term_string}"},"query-input":{"@type":"PropertyValueSpecification","valueRequired":true,"valueName":"search_term_string"}}],"inLanguage":"fr-FR"},{"@type":"Organization","@id":"http:\/\/evaas.vetagro-sup.fr\/#organization","name":"P\u00f4le EVAAS","url":"http:\/\/evaas.vetagro-sup.fr\/","logo":{"@type":"ImageObject","inLanguage":"fr-FR","@id":"http:\/\/evaas.vetagro-sup.fr\/#\/schema\/logo\/image\/","url":"http:\/\/evaas.vetagro-sup.fr\/wp-content\/uploads\/2018\/10\/logo_EVAAS_ecran_sans_fond-e1539174118936.png","contentUrl":"http:\/\/evaas.vetagro-sup.fr\/wp-content\/uploads\/2018\/10\/logo_EVAAS_ecran_sans_fond-e1539174118936.png","width":387,"height":150,"caption":"P\u00f4le EVAAS"},"image":{"@id":"http:\/\/evaas.vetagro-sup.fr\/#\/schema\/logo\/image\/"}},{"@type":"Person","@id":"http:\/\/evaas.vetagro-sup.fr\/#\/schema\/person\/39f69ac7780ac371f9ef27b9d4d91507","name":"evaas-admin","image":{"@type":"ImageObject","inLanguage":"fr-FR","@id":"https:\/\/secure.gravatar.com\/avatar\/be92b5b6d77942219df2ecf66ba3207feb2e7c5d543d0411293de093ed0c1dd3?s=96&d=mm&r=g","url":"https:\/\/secure.gravatar.com\/avatar\/be92b5b6d77942219df2ecf66ba3207feb2e7c5d543d0411293de093ed0c1dd3?s=96&d=mm&r=g","contentUrl":"https:\/\/secure.gravatar.com\/avatar\/be92b5b6d77942219df2ecf66ba3207feb2e7c5d543d0411293de093ed0c1dd3?s=96&d=mm&r=g","caption":"evaas-admin"},"url":"http:\/\/evaas.vetagro-sup.fr\/index.php\/author\/evaas-admin\/"}]}},"_links":{"self":[{"href":"http:\/\/evaas.vetagro-sup.fr\/index.php\/wp-json\/wp\/v2\/posts\/1645","targetHints":{"allow":["GET"]}}],"collection":[{"href":"http:\/\/evaas.vetagro-sup.fr\/index.php\/wp-json\/wp\/v2\/posts"}],"about":[{"href":"http:\/\/evaas.vetagro-sup.fr\/index.php\/wp-json\/wp\/v2\/types\/post"}],"author":[{"embeddable":true,"href":"http:\/\/evaas.vetagro-sup.fr\/index.php\/wp-json\/wp\/v2\/users\/1"}],"replies":[{"embeddable":true,"href":"http:\/\/evaas.vetagro-sup.fr\/index.php\/wp-json\/wp\/v2\/comments?post=1645"}],"version-history":[{"count":23,"href":"http:\/\/evaas.vetagro-sup.fr\/index.php\/wp-json\/wp\/v2\/posts\/1645\/revisions"}],"predecessor-version":[{"id":1672,"href":"http:\/\/evaas.vetagro-sup.fr\/index.php\/wp-json\/wp\/v2\/posts\/1645\/revisions\/1672"}],"wp:featuredmedia":[{"embeddable":true,"href":"http:\/\/evaas.vetagro-sup.fr\/index.php\/wp-json\/wp\/v2\/media\/1668"}],"wp:attachment":[{"href":"http:\/\/evaas.vetagro-sup.fr\/index.php\/wp-json\/wp\/v2\/media?parent=1645"}],"wp:term":[{"taxonomy":"category","embeddable":true,"href":"http:\/\/evaas.vetagro-sup.fr\/index.php\/wp-json\/wp\/v2\/categories?post=1645"},{"taxonomy":"post_tag","embeddable":true,"href":"http:\/\/evaas.vetagro-sup.fr\/index.php\/wp-json\/wp\/v2\/tags?post=1645"}],"curies":[{"name":"wp","href":"https:\/\/api.w.org\/{rel}","templated":true}]}}